{"id":145602,"date":"2022-04-15T12:09:49","date_gmt":"2022-04-15T16:09:49","guid":{"rendered":"https:\/\/linitiative.ca\/International\/niger-debat-au-parlement-sur-la-presence-des-forces-etrangeres\/"},"modified":"2022-04-15T12:09:49","modified_gmt":"2022-04-15T16:09:49","slug":"niger-debat-au-parlement-sur-la-presence-des-forces-etrangeres","status":"publish","type":"post","link":"https:\/\/linitiative.ca\/International\/niger-debat-au-parlement-sur-la-presence-des-forces-etrangeres\/","title":{"rendered":"Niger\u00a0: D\u00e9bat au Parlement sur \u00a0la pr\u00e9sence des forces \u00e9trang\u00e8res"},"content":{"rendered":"<div>\n<p>D\u00e9nonc\u00e9es par certaines organisations de la soci\u00e9t\u00e9 civile\u00a0 comme <em>\u00ab\u00a0des forces d\u2019occupation\u00a0\u00bb,<\/em> la pr\u00e9sence des forces \u00e9trang\u00e8res fait d\u00e9bat dans le Sahel, principalement au\u00a0Niger. Enerv\u00e9 \u00a0par ces critiques, le pr\u00e9sident Mohamed Bazoum avait \u00a0promis, en f\u00e9vrier dernier, de saisir le Parlement pour trancher la question. Pour la premi\u00e8re fois, selon l\u2019AFP et VOA, le Parlement nig\u00e9rien va bient\u00f4t d\u00e9battre de la pr\u00e9sence des forces \u00e9trang\u00e8res engag\u00e9es aux c\u00f4t\u00e9s du Niger dans la lutte contre les jihadistes.\u00a0<em>\u00ab\u00a0Ce d\u00e9bat aura lieu dans quelques jours. Il est important que le peuple nig\u00e9rien, \u00e0 travers le Parlement, s\u2019exprime clairement sur cette question. Ce quitus du Parlement permettra de mettre fin au d\u00e9bat\u00a0\u00bb,<\/em> a affirm\u00e9 jeudi le ministre nig\u00e9rien des Affaires \u00e9trang\u00e8res, Hassoumi Massoudou, lors d\u2019une conf\u00e9rence de presse avec son homologue allemande, Annalena Baerbock, en visite au Niger. Dans sa lutte contre les mouvements jihadistes li\u00e9s \u00e0 Al-Qa\u00efda et au groupe \u00c9tat islamique (EI), le Niger b\u00e9n\u00e9ficie du soutien de plusieurs pays occidentaux, dont la France et les Etats-Unis, qui ont des bases militaires \u00e0 Niamey et dans la r\u00e9gion d\u2019Agadez (nord).<\/p>\n<p><strong>AK<\/strong><\/p>\n<p>L\u2019article <a rel=\"nofollow\" href=\"https:\/\/www.sidwaya.info\/blog\/2022\/04\/15\/niger-debat-au-parlement-sur-la-presence-des-forces-etrangeres\/\">Niger\u00a0: D\u00e9bat au Parlement sur \u00a0la pr\u00e9sence des forces \u00e9trang\u00e8res<\/a> est apparu en premier sur <a rel=\"nofollow\" href=\"https:\/\/www.sidwaya.info\/\">Quotidien Sidwaya<\/a>.<\/p>\n<\/div>\n<p>Auteur: Wamini SIDWAYA<br \/>\n<a href=\"https:\/\/www.sidwaya.info\/blog\/2022\/04\/15\/niger-debat-au-parlement-sur-la-presence-des-forces-etrangeres\/?utm_source=rss&#038;utm_medium=rss&#038;utm_campaign=niger-debat-au-parlement-sur-la-presence-des-forces-etrangeres\">Cliquez ici pour lire l&rsquo;article depuis sa source.<\/a><\/p>\n","protected":false},"excerpt":{"rendered":"<p>D\u00e9nonc\u00e9es par certaines organisations de la soci\u00e9t\u00e9 civile\u00a0 comme \u00ab\u00a0des forces d\u2019occupation\u00a0\u00bb, la pr\u00e9sence des forces \u00e9trang\u00e8res fait d\u00e9bat dans le Sahel, principalement au\u00a0Niger. Enerv\u00e9 \u00a0par ces critiques, le pr\u00e9sident Mohamed Bazoum avait \u00a0promis, en f\u00e9vrier dernier, de saisir le Parlement pour trancher la question. Pour la premi\u00e8re fois, selon l\u2019AFP et VOA, le Parlement [&hellip;]<\/p>\n","protected":false},"author":1816,"featured_media":0,"comment_status":"closed","ping_status":"closed","sticky":false,"template":"","format":"standard","meta":{"fifu_image_url":"","fifu_image_alt":"","footnotes":""},"categories":[73,81],"tags":[],"class_list":["post-145602","post","type-post","status-publish","format-standard","hentry","category-actualite","category-burkina-faso"],"_links":{"self":[{"href":"https:\/\/linitiative.ca\/International\/wp-json\/wp\/v2\/posts\/145602","targetHints":{"allow":["GET"]}}],"collection":[{"href":"https:\/\/linitiative.ca\/International\/wp-json\/wp\/v2\/posts"}],"about":[{"href":"https:\/\/linitiative.ca\/International\/wp-json\/wp\/v2\/types\/post"}],"author":[{"embeddable":true,"href":"https:\/\/linitiative.ca\/International\/wp-json\/wp\/v2\/users\/1816"}],"replies":[{"embeddable":true,"href":"https:\/\/linitiative.ca\/International\/wp-json\/wp\/v2\/comments?post=145602"}],"version-history":[{"count":0,"href":"https:\/\/linitiative.ca\/International\/wp-json\/wp\/v2\/posts\/145602\/revisions"}],"wp:attachment":[{"href":"https:\/\/linitiative.ca\/International\/wp-json\/wp\/v2\/media?parent=145602"}],"wp:term":[{"taxonomy":"category","embeddable":true,"href":"https:\/\/linitiative.ca\/International\/wp-json\/wp\/v2\/categories?post=145602"},{"taxonomy":"post_tag","embeddable":true,"href":"https:\/\/linitiative.ca\/International\/wp-json\/wp\/v2\/tags?post=145602"}],"curies":[{"name":"wp","href":"https:\/\/api.w.org\/{rel}","templated":true}]}}