{"id":145603,"date":"2022-04-15T12:13:30","date_gmt":"2022-04-15T16:13:30","guid":{"rendered":"https:\/\/linitiative.ca\/International\/sante-de-la-reproduction-bilan-satisfaisant-pour-burkinbiwili\/"},"modified":"2022-04-15T12:13:30","modified_gmt":"2022-04-15T16:13:30","slug":"sante-de-la-reproduction-bilan-satisfaisant-pour-burkinbiwili","status":"publish","type":"post","link":"https:\/\/linitiative.ca\/International\/sante-de-la-reproduction-bilan-satisfaisant-pour-burkinbiwili\/","title":{"rendered":"Sant\u00e9 de la reproduction : bilan satisfaisant pour \u00ab\u00a0Burkinbiwili\u00a0\u00bb"},"content":{"rendered":"<div>\n<p><strong>Le Conseil Burkinab\u00e8 des organisations de d\u00e9veloppement communautaires (BURCASO) et des organisations partenaires ont tenu un atelier bilan du projet \u00ab\u00a0Burkinbiwilli\u00a0\u00bb le jeudi 14 avril 2022 \u00e0 Ouagadougou. Apr\u00e8s 2 ans pendant lesquels les jeunes eux-m\u00eames ont \u00e9t\u00e9 mis au c\u0153ur du processus de diagnostic et de plaidoyer, les acteurs se sont f\u00e9licit\u00e9s des r\u00e9sultats obtenus.<\/strong><\/p>\n<p><strong>\u00a0<\/strong>Pendant deux ans, depuis novembre 2019, de jeunes Burkinab\u00e8, entre 15 et 25 ans, ont pos\u00e9 le diagnostic des services de sant\u00e9 de la reproduction (SR) dans le cadre du programme intitul\u00e9 \u00ab\u00a0Burkinbiwilli\u00a0\u00bb (enfant du Burkina, l\u00e8ve-toi). Apr\u00e8s l\u2019ex\u00e9cution du projet, le consortium d\u2019organisations de la soci\u00e9t\u00e9 civile qui ont particip\u00e9 \u00e0 sa mise en \u0153uvre dresse un bilan positif et cherche \u00e0 capitaliser les r\u00e9sultats. Un atelier a donc \u00e9t\u00e9 organis\u00e9 \u00e0 cet effet, le jeudi 14 avril 2022 \u00e0 Ouagadougou, sous la houlette du Conseil Burkinab\u00e8 des organisations de d\u00e9veloppement communautaires (Burcaso), chef de file du consortium de mise en \u0153uvre du projet \u00ab\u00a0Burkinbiwilli\u00a0\u00bb.<\/p>\n<p>Le pr\u00e9sident du conseil d\u2019administration de Burcaso, Ousmane Ou\u00e9draogo, a d\u2019abord rappel\u00e9 que le projet visait principalement \u00e0 lever les barri\u00e8res li\u00e9es \u00e0 l\u2019acc\u00e8s des jeunes aux services de SR et inciter l\u2019Etat \u00e0 ex\u00e9cuter ses engagements internationaux en la mati\u00e8re. \u00ab\u00a0Il n\u2019y a pas de visibilit\u00e9 \u00e0 l\u2019interne sur les nombreux engagements que le Burkina Faso signe \u00e0 l\u2019international et le r\u00f4le de la soci\u00e9t\u00e9 civile c\u2019est justement d\u2019assurer un suivi de ces engagements\u00a0\u00bb, a fait remarquer le responsable de Burcaso.<\/p>\n<figure id=\"attachment_48196\" aria-describedby=\"caption-attachment-48196\" style=\"width: 800px\" class=\"wp-caption alignnone\"><img loading=\"lazy\" decoding=\"async\" class=\"wp-image-48196 size-full\" src=\"https:\/\/linitiative.ca\/International\/wp-content\/uploads\/sites\/23\/2022\/04\/2-16.jpg\" alt=\"\" width=\"800\" height=\"450\" srcset=\"https:\/\/linitiative.ca\/International\/wp-content\/uploads\/sites\/23\/2022\/04\/2-16.jpg 800w, https:\/\/www.sidwaya.info\/wp-content\/uploads\/2022\/04\/2-16-300x169.jpg 300w, https:\/\/www.sidwaya.info\/wp-content\/uploads\/2022\/04\/2-16-768x432.jpg 768w, https:\/\/www.sidwaya.info\/wp-content\/uploads\/2022\/04\/2-16-150x84.jpg 150w, https:\/\/www.sidwaya.info\/wp-content\/uploads\/2022\/04\/2-16-696x392.jpg 696w, https:\/\/www.sidwaya.info\/wp-content\/uploads\/2022\/04\/2-16-747x420.jpg 747w\" sizes=\"auto, (max-width: 800px) 100vw, 800px\"><figcaption id=\"caption-attachment-48196\" class=\"wp-caption-text\">Le PCA de BURCASO, Ousmane Ou\u00e9draogo : \u00ab 25 jeunes auditeurs ont particip\u00e9 \u00e0 la mise en \u0153uvre du projet. La strat\u00e9gie novatrice de notre consortium a consist\u00e9 \u00e0 laisser les jeunes agir en leur propre nom \u00bb.<\/figcaption><\/figure>\n<p>\u00ab\u00a0Burkinbiwili\u00a0\u00bb a donc mis\u00e9 sur une strat\u00e9gie orient\u00e9e exclusivement sur le leadership des jeunes pour interroger le syst\u00e8me de sant\u00e9 et mettre les d\u00e9cideurs face aux conclusions en les interpellant sur leurs responsabilit\u00e9s. \u00ab\u00a0On a voulu casser le sch\u00e9ma classique par lequel les adultes parlent au nom des jeunes, on voulait que les jeunes m\u00e8nent ces actions jusqu\u2019\u00e0 l\u2019interpellation\u00a0\u00bb, a expliqu\u00e9 Ousmane Ou\u00e9draogo. Cette strat\u00e9gie s\u2019est exprim\u00e9e \u00e0 travers, notamment, la r\u00e9alisation d\u2019audits sociaux par les jeunes pour recueillir des \u00e9vidences qui ont servi \u00e0 documenter des actions de plaidoyer que sont les faux proc\u00e8s. Les acteurs ont aussi b\u00e9n\u00e9fici\u00e9 de sessions de renforcement de comp\u00e9tences, ce que les OSC appellent \u00ab\u00a0l\u2019empouvoirement\u00a0\u00bb.<\/p>\n<figure id=\"attachment_48198\" aria-describedby=\"caption-attachment-48198\" style=\"width: 800px\" class=\"wp-caption alignnone\"><img decoding=\"async\" loading=\"lazy\" class=\"wp-image-48198 size-full\" src=\"https:\/\/linitiative.ca\/International\/wp-content\/uploads\/sites\/23\/2022\/04\/3-.jpg\" alt=\"\" width=\"800\" height=\"450\" srcset=\"https:\/\/linitiative.ca\/International\/wp-content\/uploads\/sites\/23\/2022\/04\/3-.jpg 800w, https:\/\/www.sidwaya.info\/wp-content\/uploads\/2022\/04\/3--300x169.jpg 300w, https:\/\/www.sidwaya.info\/wp-content\/uploads\/2022\/04\/3--768x432.jpg 768w, https:\/\/www.sidwaya.info\/wp-content\/uploads\/2022\/04\/3--150x84.jpg 150w, https:\/\/www.sidwaya.info\/wp-content\/uploads\/2022\/04\/3--696x392.jpg 696w, https:\/\/www.sidwaya.info\/wp-content\/uploads\/2022\/04\/3--747x420.jpg 747w\" sizes=\"auto, (max-width: 800px) 100vw, 800px\"><figcaption id=\"caption-attachment-48198\" class=\"wp-caption-text\">L\u2019auditrice Bettina Niya estime que \u00ab\u00a0Burkinbiwili\u00a0\u00bb a \u00e9t\u00e9 un cadre formateur en leadership et engagement social<\/figcaption><\/figure>\n<p>Bettina Niya est l\u2019une des auditrices du projet \u00ab\u00a0Burkinbiwili\u00a0\u00bb. \u00ab\u00a0Les audits ont consist\u00e9 \u00e0\u00a0 adresser un questionnaire \u00e0 des jeunes et des agents de sant\u00e9. Le constat a \u00e9t\u00e9 que la v\u00e9tust\u00e9 et l\u2019\u00e9troitesse des locaux, les sermons et le manque de courtoisie de certains agents de sant\u00e9 d\u00e9couragent les jeunes de fr\u00e9quenter les centres de sant\u00e9. On a donc r\u00e9alis\u00e9 de faux proc\u00e8s pour pousser des gros cris de coeur \u00e0 l\u2019endroit des autorit\u00e9s afin qu\u2019elles facilitent l\u2019acc\u00e8s des jeunes aux centre de sant\u00e9\u00a0\u00bb, a-t-elle expliqu\u00e9. Pour r\u00e9aliser ces actions, les jeunes ont b\u00e9n\u00e9fici\u00e9, en amont, de formations en leadership, prise de paroles en public, techniques de collecte de donn\u00e9es et sur les droits en sant\u00e9 de la reproduction. Ce processus d\u2019empouvoirement a abouti \u00e0 la cr\u00e9ation d\u2019une association d\u00e9nomm\u00e9e Association de jeunes engag\u00e9s pour des causes nobles \u00e0 l\u2019initiative des b\u00e9n\u00e9ficiaires.<\/p>\n<p><strong>\u00a0<\/strong><\/p>\n<p><strong>Capitaliser les actions et renouveler le projet<\/strong><\/p>\n<p>Au rang des acquis, les jeunes b\u00e9n\u00e9ficiaires et les organisations de mise en oeuvre du projet (Burcaso, RAJS, Fondation Rama, Gascode) sont unanimes pour dire que \u00ab\u00a0Burkinbiwili\u00a0\u00bb a \u00e9t\u00e9 un cadre pour booster la confiance en soi et l\u2019estime personnel des jeunes ainsi que leur engagement dans l\u2019action collective. Aussi, la fr\u00e9quentation continue des centres de sant\u00e9 et le r\u00e9seautage ont \u00e9t\u00e9 compt\u00e9s au rang des acquis.<\/p>\n<p>Ce qui fait dire \u00e0 la charg\u00e9e d\u2019accompagnement audit social au sein de l\u2019ONG Equipop, Steevie Reine Yam\u00e9ogo, que \u00ab\u00a0Burkinbiwili\u00a0\u00bb est un succ\u00e8s. \u00ab\u00a0Equipop base sa strat\u00e9gie dans la capitalisation bas\u00e9e sur le changement et nous trouvons que le projet \u00ab\u00a0Burkinbiwili\u00a0\u00bb a vraiment apport\u00e9 \u00e0 ces jeunes dans la mesure o\u00f9 le projet a engrang\u00e9 non seulement des r\u00e9sultats attendus, mais aussi d\u2019autres r\u00e9sultats non attendus\u00a0\u00bb, a-t- elle confi\u00e9. L\u2019ONG fran\u00e7aise a \u00e9t\u00e9 un partenaire technique du consortium pour, entre autres, l\u2019\u00e9laboration des rapports et l\u2019organisation des formations dans le cadre de l\u2019ex\u00e9cution du projet\u00a0 \u00ab\u00a0Burkinbiwili\u00a0\u00bb.<\/p>\n<figure id=\"attachment_48199\" aria-describedby=\"caption-attachment-48199\" style=\"width: 800px\" class=\"wp-caption alignnone\"><img decoding=\"async\" loading=\"lazy\" class=\"wp-image-48199 size-full\" src=\"https:\/\/linitiative.ca\/International\/wp-content\/uploads\/sites\/23\/2022\/04\/4-.jpg\" alt=\"\" width=\"800\" height=\"450\" srcset=\"https:\/\/linitiative.ca\/International\/wp-content\/uploads\/sites\/23\/2022\/04\/4-.jpg 800w, https:\/\/www.sidwaya.info\/wp-content\/uploads\/2022\/04\/4--300x169.jpg 300w, https:\/\/www.sidwaya.info\/wp-content\/uploads\/2022\/04\/4--768x432.jpg 768w, https:\/\/www.sidwaya.info\/wp-content\/uploads\/2022\/04\/4--150x84.jpg 150w, https:\/\/www.sidwaya.info\/wp-content\/uploads\/2022\/04\/4--696x392.jpg 696w, https:\/\/www.sidwaya.info\/wp-content\/uploads\/2022\/04\/4--747x420.jpg 747w\" sizes=\"auto, (max-width: 800px) 100vw, 800px\"><figcaption id=\"caption-attachment-48199\" class=\"wp-caption-text\">Selon la charg\u00e9e de d\u2019accompagnement audit social d\u2019Equipop, \u00ab\u00a0Burkinbiwili\u00a0\u00bb a engrang\u00e9 des r\u00e9sultats attendus et non attendus.<\/figcaption><\/figure>\n<p>L\u2019atelier a, par ailleurs, \u00e9t\u00e9 le lieu de discuter sur les outils de capitalisation des actions du projet et de discuter des perspectives. A ce titre, les acteurs entendent plaider la duplication du projet aupr\u00e8s du partenaire financier qu\u2019est l\u2019Organisation ouest africaine de la sant\u00e9 (OOAS). Le cas \u00e9ch\u00e9ant, une nouvelle phase du projet devra veiller \u00e0 l\u2019inclusion des groupes vuln\u00e9rables (personnes handicap\u00e9es, d\u00e9plac\u00e9s internes).<\/p>\n<p>Le projet \u00ab\u00a0Burkinbiwili\u00a0\u00bb a vu le jour \u00e0 la suite d\u2019un appel \u00e0 candidature et a b\u00e9n\u00e9fici\u00e9 de la somme de 250 000 euros (164 millions de francs CFA) pour sa mise en \u0153uvre dans cinq r\u00e9gions au Burkina Faso (Hauts bassins,\u00a0 Boucl\u00e9 du Mouhoun, Centre-est, Plateau central et Centre).<\/p>\n<p>\u00a0<\/p>\n<p><strong>Fab\u00e9 OUATTARA<\/strong><\/p>\n<p>L\u2019article <a rel=\"nofollow\" href=\"https:\/\/www.sidwaya.info\/blog\/2022\/04\/15\/sante-de-la-reproduction-bilan-satisfaisant-pour-burkinbiwili\/\">Sant\u00e9 de la reproduction : bilan satisfaisant pour \u00ab\u00a0Burkinbiwili\u00a0\u00bb<\/a> est apparu en premier sur <a rel=\"nofollow\" href=\"https:\/\/www.sidwaya.info\/\">Quotidien Sidwaya<\/a>.<\/p>\n<\/div>\n<p>Auteur: BS. Sidwaya<br \/>\n<a href=\"https:\/\/www.sidwaya.info\/blog\/2022\/04\/15\/sante-de-la-reproduction-bilan-satisfaisant-pour-burkinbiwili\/?utm_source=rss&#038;utm_medium=rss&#038;utm_campaign=sante-de-la-reproduction-bilan-satisfaisant-pour-burkinbiwili\">Cliquez ici pour lire l&rsquo;article depuis sa source.<\/a><\/p>\n","protected":false},"excerpt":{"rendered":"<p>Le Conseil Burkinab\u00e8 des organisations de d\u00e9veloppement communautaires (BURCASO) et des organisations partenaires ont tenu un atelier bilan du projet \u00ab\u00a0Burkinbiwilli\u00a0\u00bb le jeudi 14 avril 2022 \u00e0 Ouagadougou. Apr\u00e8s 2 ans pendant lesquels les jeunes eux-m\u00eames ont \u00e9t\u00e9 mis au c\u0153ur du processus de diagnostic et de plaidoyer, les acteurs se sont f\u00e9licit\u00e9s des r\u00e9sultats [&hellip;]<\/p>\n","protected":false},"author":1816,"featured_media":0,"comment_status":"closed","ping_status":"closed","sticky":false,"template":"","format":"standard","meta":{"fifu_image_url":"https:\/\/www.sidwaya.info\/wp-content\/uploads\/2022\/04\/2-16.jpg","fifu_image_alt":"Sant\u00e9 de la reproduction : bilan satisfaisant pour \u00ab\u00a0Burkinbiwili\u00a0\u00bb","footnotes":""},"categories":[73,81],"tags":[],"class_list":["post-145603","post","type-post","status-publish","format-standard","hentry","category-actualite","category-burkina-faso"],"_links":{"self":[{"href":"https:\/\/linitiative.ca\/International\/wp-json\/wp\/v2\/posts\/145603","targetHints":{"allow":["GET"]}}],"collection":[{"href":"https:\/\/linitiative.ca\/International\/wp-json\/wp\/v2\/posts"}],"about":[{"href":"https:\/\/linitiative.ca\/International\/wp-json\/wp\/v2\/types\/post"}],"author":[{"embeddable":true,"href":"https:\/\/linitiative.ca\/International\/wp-json\/wp\/v2\/users\/1816"}],"replies":[{"embeddable":true,"href":"https:\/\/linitiative.ca\/International\/wp-json\/wp\/v2\/comments?post=145603"}],"version-history":[{"count":0,"href":"https:\/\/linitiative.ca\/International\/wp-json\/wp\/v2\/posts\/145603\/revisions"}],"wp:attachment":[{"href":"https:\/\/linitiative.ca\/International\/wp-json\/wp\/v2\/media?parent=145603"}],"wp:term":[{"taxonomy":"category","embeddable":true,"href":"https:\/\/linitiative.ca\/International\/wp-json\/wp\/v2\/categories?post=145603"},{"taxonomy":"post_tag","embeddable":true,"href":"https:\/\/linitiative.ca\/International\/wp-json\/wp\/v2\/tags?post=145603"}],"curies":[{"name":"wp","href":"https:\/\/api.w.org\/{rel}","templated":true}]}}