{"id":145607,"date":"2022-04-15T12:24:02","date_gmt":"2022-04-15T16:24:02","guid":{"rendered":"https:\/\/linitiative.ca\/International\/securite-routiere-la-2eme-edition-de-la-caravane-des-casques-prevue-du-14-au-20-mai\/"},"modified":"2022-04-15T12:24:02","modified_gmt":"2022-04-15T16:24:02","slug":"securite-routiere-la-2eme-edition-de-la-caravane-des-casques-prevue-du-14-au-20-mai","status":"publish","type":"post","link":"https:\/\/linitiative.ca\/International\/securite-routiere-la-2eme-edition-de-la-caravane-des-casques-prevue-du-14-au-20-mai\/","title":{"rendered":"S\u00e9curit\u00e9 routi\u00e8re : La 2\u00e8me \u00e9dition de \u00ab\u00a0la caravane des casques\u00a0\u00bb pr\u00e9vue du 14 au 20 mai"},"content":{"rendered":"<div>\n<p>Les promoteurs de \u00ab <em>la caravane des casques <\/em>\u00bb pr\u00e9voient la deuxi\u00e8me \u00e9dition de leur activit\u00e9 de sensibilisation sur le port du casque en circulation dans la ville de Bobo Dioulasso du 14 au 20 mai prochains. Les organisateurs l\u2019ont annonc\u00e9 lors d\u2019une conf\u00e9rence de presse ce vendredi.<\/p>\n<p>Cette deuxi\u00e8me \u00e9dition interroge sur la contribution des communaut\u00e9s dans l\u2019adoption des bonnes pratiques sur les routes. En effet, la caravane sera plac\u00e9e sous le th\u00e8me : \u00ab <em>L\u2019implication des communaut\u00e9s dans la promotion de la s\u00e9curit\u00e9 routi\u00e8re au Burkina Faso : quelles strat\u00e9gies pour une appropriation libre et volontaire ? <\/em>\u00bb L\u2019objectif recherch\u00e9 est de parvenir \u00e0 une appropriation des r\u00e9flexes s\u00e9curitaires par toutes les personnes de toutes les couches et classes confondues.<\/p>\n<p>Le pr\u00e9sident du comit\u00e9 d\u2019organisation, Joseph Landry Coulibaly, a expliqu\u00e9 que cette caravane donnera lieu \u00e0 diverses activit\u00e9s, dont des campagnes de proximit\u00e9 sur le port de casque, des panels sur la s\u00e9curit\u00e9 routi\u00e8re et des parades dans les art\u00e8res de la ville.<\/p>\n<p>Les organisateurs se basent sur des chiffres de l\u2019organisation mondiale de la sant\u00e9 selon lesquels, chaque ann\u00e9e, environ 1,35 millions de personnes meurent des suites d\u2019accidents de circulation dont 90% proviennent des pays sous-d\u00e9velopp\u00e9s.<\/p>\n<p>\u00ab <em>La caravane des casques est une campagne de sensibilisation sur la s\u00e9curit\u00e9 routi\u00e8re, une interpellation, un appel \u00e0 tous les Burkinab\u00e8 et de toutes les institutions qu\u2019elles soient publiques, priv\u00e9es ou m\u00eame internationales \u00e0 s\u2019impliquer dans la promotion de la s\u00e9curit\u00e9 routi\u00e8re, pour nous-m\u00eames, pour ceux que nous aimons et pour tous les autres<\/em> \u00bb, a expliqu\u00e9, pr\u00e9sident du comit\u00e9 d\u2019organisation de l\u2019\u00e9v\u00e8nement.<\/p>\n<p style=\"text-align: right\"><strong>Sidwaya.info<\/strong><\/p>\n<p>L\u2019article <a rel=\"nofollow\" href=\"https:\/\/www.sidwaya.info\/blog\/2022\/04\/15\/securite-routiere-la-2eme-edition-de-la-caravane-des-casques-prevue-du-14-au-20-mai\/\">S\u00e9curit\u00e9 routi\u00e8re : La 2\u00e8me \u00e9dition de \u00ab\u00a0la caravane des casques\u00a0\u00bb pr\u00e9vue du 14 au 20 mai<\/a> est apparu en premier sur <a rel=\"nofollow\" href=\"https:\/\/www.sidwaya.info\/\">Quotidien Sidwaya<\/a>.<\/p>\n<\/div>\n<p>Auteur: Wamini SIDWAYA<br \/>\n<a href=\"https:\/\/www.sidwaya.info\/blog\/2022\/04\/15\/securite-routiere-la-2eme-edition-de-la-caravane-des-casques-prevue-du-14-au-20-mai\/?utm_source=rss&#038;utm_medium=rss&#038;utm_campaign=securite-routiere-la-2eme-edition-de-la-caravane-des-casques-prevue-du-14-au-20-mai\">Cliquez ici pour lire l&rsquo;article depuis sa source.<\/a><\/p>\n","protected":false},"excerpt":{"rendered":"<p>Les promoteurs de \u00ab la caravane des casques \u00bb pr\u00e9voient la deuxi\u00e8me \u00e9dition de leur activit\u00e9 de sensibilisation sur le port du casque en circulation dans la ville de Bobo Dioulasso du 14 au 20 mai prochains. Les organisateurs l\u2019ont annonc\u00e9 lors d\u2019une conf\u00e9rence de presse ce vendredi. Cette deuxi\u00e8me \u00e9dition interroge sur la contribution [&hellip;]<\/p>\n","protected":false},"author":1816,"featured_media":0,"comment_status":"closed","ping_status":"closed","sticky":false,"template":"","format":"standard","meta":{"fifu_image_url":"","fifu_image_alt":"","footnotes":""},"categories":[73,81],"tags":[],"class_list":["post-145607","post","type-post","status-publish","format-standard","hentry","category-actualite","category-burkina-faso"],"_links":{"self":[{"href":"https:\/\/linitiative.ca\/International\/wp-json\/wp\/v2\/posts\/145607","targetHints":{"allow":["GET"]}}],"collection":[{"href":"https:\/\/linitiative.ca\/International\/wp-json\/wp\/v2\/posts"}],"about":[{"href":"https:\/\/linitiative.ca\/International\/wp-json\/wp\/v2\/types\/post"}],"author":[{"embeddable":true,"href":"https:\/\/linitiative.ca\/International\/wp-json\/wp\/v2\/users\/1816"}],"replies":[{"embeddable":true,"href":"https:\/\/linitiative.ca\/International\/wp-json\/wp\/v2\/comments?post=145607"}],"version-history":[{"count":0,"href":"https:\/\/linitiative.ca\/International\/wp-json\/wp\/v2\/posts\/145607\/revisions"}],"wp:attachment":[{"href":"https:\/\/linitiative.ca\/International\/wp-json\/wp\/v2\/media?parent=145607"}],"wp:term":[{"taxonomy":"category","embeddable":true,"href":"https:\/\/linitiative.ca\/International\/wp-json\/wp\/v2\/categories?post=145607"},{"taxonomy":"post_tag","embeddable":true,"href":"https:\/\/linitiative.ca\/International\/wp-json\/wp\/v2\/tags?post=145607"}],"curies":[{"name":"wp","href":"https:\/\/api.w.org\/{rel}","templated":true}]}}