{"id":145608,"date":"2022-04-15T12:46:07","date_gmt":"2022-04-15T16:46:07","guid":{"rendered":"https:\/\/linitiative.ca\/International\/lutte-anti-racket-a-la-suite-dun-braquage-rate-sur-un-brouteur-5-gendarmes-ivoiriens-condamnes-a-2-ans-de-prison-ferme\/"},"modified":"2022-04-15T12:46:07","modified_gmt":"2022-04-15T16:46:07","slug":"lutte-anti-racket-a-la-suite-dun-braquage-rate-sur-un-brouteur-5-gendarmes-ivoiriens-condamnes-a-2-ans-de-prison-ferme","status":"publish","type":"post","link":"https:\/\/linitiative.ca\/International\/lutte-anti-racket-a-la-suite-dun-braquage-rate-sur-un-brouteur-5-gendarmes-ivoiriens-condamnes-a-2-ans-de-prison-ferme\/","title":{"rendered":"Lutte anti-racket : A la suite d\u2019un braquage rat\u00e9 sur un brouteur, 5 gendarmes ivoiriens condamn\u00e9s \u00e0 2 ans de prison ferme"},"content":{"rendered":"<div>\n<p>En C\u00f4te d\u2019Ivoire, les agents corrompus au sein des forces de l\u2019ordre ne font pas carri\u00e8re. Puisqu\u2019ils sont traqu\u00e9s par le Commissaire du gouvernement, Ange Kessi qui, \u00e0 travers le tribunal militaire d\u2019Abidjan, vient \u00a0de \u00a0condamner \u00e0 deux ans de prison ferme cinq gendarmes impliqu\u00e9s dans une affaire de racket d\u2019un brouteur. Selon Fratmat qui fait \u00e9cho de l\u2019affaire, ces \u00a0sous-officiers, inform\u00e9s\u00a0 par un ex-coll\u00e8gue gendarme radi\u00e9, ont essay\u00e9 de soutirer \u00a0la somme de 17 millions \u00a0F CFA\u00a0 \u00e0 un jeune brouteur (arnaqueur) dans le village de Brofodoum\u00e9. Mais l\u2019op\u00e9ration se passe mal pour ces gendarmes. \u00a0N\u2019\u00e9tant pas en tenue de service, le brouteur a cru avoir affaire \u00e0 des bandits et \u00a0a alert\u00e9 les villageois \u00a0qui ont pu neutraliser ces \u00e9l\u00e9ments de la gendarmerie ivoirienne, en incendiant au passage leur voiture. D\u00e9f\u00e9r\u00e9s devant le parquet du Commissaire du gouvernement, ils ont \u00e9t\u00e9\u00a0 condamn\u00e9s \u00e0 24 mois de prison ferme pour vol, racket, violations graves des droits humains et\u00a0 escroquerie.<\/p>\n<p><strong>La r\u00e9daction<\/strong><\/p>\n<p><strong>\u00a0<\/strong><\/p>\n<p><strong>(Source\u00a0: Fratmat.info)<\/strong><\/p>\n<p>L\u2019article <a rel=\"nofollow\" href=\"https:\/\/www.sidwaya.info\/blog\/2022\/04\/15\/lutte-anti-racket-a-la-suite-dun-braquage-rate-sur-un-brouteur-5-gendarmes-ivoiriens-condamnes-a-2-ans-de-prison-ferme\/\">Lutte anti-racket : A la suite d\u2019un braquage rat\u00e9 sur un brouteur, 5 gendarmes ivoiriens condamn\u00e9s \u00e0 2 ans de prison ferme<\/a> est apparu en premier sur <a rel=\"nofollow\" href=\"https:\/\/www.sidwaya.info\/\">Quotidien Sidwaya<\/a>.<\/p>\n<\/div>\n<p>Auteur: BS. Sidwaya<br \/>\n<a href=\"https:\/\/www.sidwaya.info\/blog\/2022\/04\/15\/lutte-anti-racket-a-la-suite-dun-braquage-rate-sur-un-brouteur-5-gendarmes-ivoiriens-condamnes-a-2-ans-de-prison-ferme\/?utm_source=rss&#038;utm_medium=rss&#038;utm_campaign=lutte-anti-racket-a-la-suite-dun-braquage-rate-sur-un-brouteur-5-gendarmes-ivoiriens-condamnes-a-2-ans-de-prison-ferme\">Cliquez ici pour lire l&rsquo;article depuis sa source.<\/a><\/p>\n","protected":false},"excerpt":{"rendered":"<p>En C\u00f4te d\u2019Ivoire, les agents corrompus au sein des forces de l\u2019ordre ne font pas carri\u00e8re. Puisqu\u2019ils sont traqu\u00e9s par le Commissaire du gouvernement, Ange Kessi qui, \u00e0 travers le tribunal militaire d\u2019Abidjan, vient \u00a0de \u00a0condamner \u00e0 deux ans de prison ferme cinq gendarmes impliqu\u00e9s dans une affaire de racket d\u2019un brouteur. Selon Fratmat qui [&hellip;]<\/p>\n","protected":false},"author":1816,"featured_media":0,"comment_status":"closed","ping_status":"closed","sticky":false,"template":"","format":"standard","meta":{"fifu_image_url":"","fifu_image_alt":"","footnotes":""},"categories":[73,81],"tags":[],"class_list":["post-145608","post","type-post","status-publish","format-standard","hentry","category-actualite","category-burkina-faso"],"_links":{"self":[{"href":"https:\/\/linitiative.ca\/International\/wp-json\/wp\/v2\/posts\/145608","targetHints":{"allow":["GET"]}}],"collection":[{"href":"https:\/\/linitiative.ca\/International\/wp-json\/wp\/v2\/posts"}],"about":[{"href":"https:\/\/linitiative.ca\/International\/wp-json\/wp\/v2\/types\/post"}],"author":[{"embeddable":true,"href":"https:\/\/linitiative.ca\/International\/wp-json\/wp\/v2\/users\/1816"}],"replies":[{"embeddable":true,"href":"https:\/\/linitiative.ca\/International\/wp-json\/wp\/v2\/comments?post=145608"}],"version-history":[{"count":0,"href":"https:\/\/linitiative.ca\/International\/wp-json\/wp\/v2\/posts\/145608\/revisions"}],"wp:attachment":[{"href":"https:\/\/linitiative.ca\/International\/wp-json\/wp\/v2\/media?parent=145608"}],"wp:term":[{"taxonomy":"category","embeddable":true,"href":"https:\/\/linitiative.ca\/International\/wp-json\/wp\/v2\/categories?post=145608"},{"taxonomy":"post_tag","embeddable":true,"href":"https:\/\/linitiative.ca\/International\/wp-json\/wp\/v2\/tags?post=145608"}],"curies":[{"name":"wp","href":"https:\/\/api.w.org\/{rel}","templated":true}]}}