{"id":145609,"date":"2022-04-15T13:11:05","date_gmt":"2022-04-15T17:11:05","guid":{"rendered":"https:\/\/linitiative.ca\/International\/immigration-le-hcr-soppose-au-transfert-des-demandeurs-dasile-au-rwanda\/"},"modified":"2022-04-15T13:11:05","modified_gmt":"2022-04-15T17:11:05","slug":"immigration-le-hcr-soppose-au-transfert-des-demandeurs-dasile-au-rwanda","status":"publish","type":"post","link":"https:\/\/linitiative.ca\/International\/immigration-le-hcr-soppose-au-transfert-des-demandeurs-dasile-au-rwanda\/","title":{"rendered":"Immigration\u00a0: Le HCR s\u2019oppose au\u00a0 transfert des demandeurs d\u2019asile au Rwanda"},"content":{"rendered":"<div>\n<p>La d\u00e9cision du Rwanda d\u2019accueillir les demandeurs d\u2019asile et les r\u00e9fugi\u00e9s, un accord sign\u00e9 avec le Royaume-Uni, est d\u00e9nonc\u00e9e par le Haut-Commissariat des Nations Unies pour les r\u00e9fugi\u00e9s (HCR). L\u2019agence des Nations Unies pour les r\u00e9fugi\u00e9s a exprim\u00e9, le jeudi 14 avril 2022, <em>\u00ab\u00a0une forte opposition et de s\u00e9rieuses pr\u00e9occupations\u00a0\u00bb<\/em> \u00a0concernant le projet du Royaume-Uni de se d\u00e9charger de ses obligations en mati\u00e8re d\u2019asile. <em>\u00abLe HCR reste fermement oppos\u00e9 aux arrangements qui visent \u00e0 transf\u00e9rer des r\u00e9fugi\u00e9s et des demandeurs d\u2019asile vers des pays tiers, en l\u2019absence de garanties et de normes suffisantes\u00a0\u00bb,<\/em> a d\u00e9clar\u00e9 le Haut-Commissaire assistante du HCR en charge de la protection internationale, Gillian Triggs. Pour le HCR, il faut faire preuve de compassion et d\u2019empathie envers ceux qui \u00a0fuient la guerre, les conflits et les pers\u00e9cutions\u00a0et qui <em>\u00ab\u00a0ne devraient pas \u00eatre \u00e9chang\u00e9s comme des marchandises transf\u00e9r\u00e9es \u00e0 l\u2019\u00e9tranger pour y \u00eatre trait\u00e9es\u00a0\u00bb<\/em>. Important contributeur financier du HCR, l\u2019organisation onusienne invite le Royaume-Uni \u00e0 renoncer \u00e0 transf\u00e9rer des demandeurs d\u2019asile et des r\u00e9fugi\u00e9s au Rwanda. Selon le HCR, \u00a0le Rwanda a depuis quelques ann\u00e9es ouvert ses fronti\u00e8res \u00a0aux r\u00e9fugi\u00e9s fuyant les conflits et les pers\u00e9cutions, mais la plupart de ces r\u00e9fugi\u00e9s \u00a0vivent dans des camps avec un acc\u00e8s limit\u00e9 aux perspectives de d\u00e9veloppement \u00e9conomique.<\/p>\n<p style=\"text-align: right\"><strong>AK<\/strong><\/p>\n<p style=\"text-align: right\"><strong>(Source\u00a0: AA \/ Gen\u00e8ve)<\/strong><\/p>\n<p>L\u2019article <a rel=\"nofollow\" href=\"https:\/\/www.sidwaya.info\/blog\/2022\/04\/15\/immigration-le-hcr-soppose-au-transfert-des-demandeurs-dasile-au-rwanda\/\">Immigration\u00a0: Le HCR s\u2019oppose au\u00a0 transfert des demandeurs d\u2019asile au Rwanda<\/a> est apparu en premier sur <a rel=\"nofollow\" href=\"https:\/\/www.sidwaya.info\/\">Quotidien Sidwaya<\/a>.<\/p>\n<\/div>\n<p>Auteur: Wamini SIDWAYA<br \/>\n<a href=\"https:\/\/www.sidwaya.info\/blog\/2022\/04\/15\/immigration-le-hcr-soppose-au-transfert-des-demandeurs-dasile-au-rwanda\/?utm_source=rss&#038;utm_medium=rss&#038;utm_campaign=immigration-le-hcr-soppose-au-transfert-des-demandeurs-dasile-au-rwanda\">Cliquez ici pour lire l&rsquo;article depuis sa source.<\/a><\/p>\n","protected":false},"excerpt":{"rendered":"<p>La d\u00e9cision du Rwanda d\u2019accueillir les demandeurs d\u2019asile et les r\u00e9fugi\u00e9s, un accord sign\u00e9 avec le Royaume-Uni, est d\u00e9nonc\u00e9e par le Haut-Commissariat des Nations Unies pour les r\u00e9fugi\u00e9s (HCR). L\u2019agence des Nations Unies pour les r\u00e9fugi\u00e9s a exprim\u00e9, le jeudi 14 avril 2022, \u00ab\u00a0une forte opposition et de s\u00e9rieuses pr\u00e9occupations\u00a0\u00bb \u00a0concernant le projet du Royaume-Uni [&hellip;]<\/p>\n","protected":false},"author":1816,"featured_media":0,"comment_status":"closed","ping_status":"closed","sticky":false,"template":"","format":"standard","meta":{"fifu_image_url":"","fifu_image_alt":"","footnotes":""},"categories":[73,81],"tags":[],"class_list":["post-145609","post","type-post","status-publish","format-standard","hentry","category-actualite","category-burkina-faso"],"_links":{"self":[{"href":"https:\/\/linitiative.ca\/International\/wp-json\/wp\/v2\/posts\/145609","targetHints":{"allow":["GET"]}}],"collection":[{"href":"https:\/\/linitiative.ca\/International\/wp-json\/wp\/v2\/posts"}],"about":[{"href":"https:\/\/linitiative.ca\/International\/wp-json\/wp\/v2\/types\/post"}],"author":[{"embeddable":true,"href":"https:\/\/linitiative.ca\/International\/wp-json\/wp\/v2\/users\/1816"}],"replies":[{"embeddable":true,"href":"https:\/\/linitiative.ca\/International\/wp-json\/wp\/v2\/comments?post=145609"}],"version-history":[{"count":0,"href":"https:\/\/linitiative.ca\/International\/wp-json\/wp\/v2\/posts\/145609\/revisions"}],"wp:attachment":[{"href":"https:\/\/linitiative.ca\/International\/wp-json\/wp\/v2\/media?parent=145609"}],"wp:term":[{"taxonomy":"category","embeddable":true,"href":"https:\/\/linitiative.ca\/International\/wp-json\/wp\/v2\/categories?post=145609"},{"taxonomy":"post_tag","embeddable":true,"href":"https:\/\/linitiative.ca\/International\/wp-json\/wp\/v2\/tags?post=145609"}],"curies":[{"name":"wp","href":"https:\/\/api.w.org\/{rel}","templated":true}]}}