{"id":14561,"date":"2019-02-15T11:30:00","date_gmt":"2019-02-15T16:30:00","guid":{"rendered":"https:\/\/linitiative.ca\/International\/sirat-un-enfant-fauche-mortellement-par-un-vehicule\/"},"modified":"2019-02-15T11:30:00","modified_gmt":"2019-02-15T16:30:00","slug":"sirat-un-enfant-fauche-mortellement-par-un-vehicule","status":"publish","type":"post","link":"https:\/\/linitiative.ca\/International\/sirat-un-enfant-fauche-mortellement-par-un-vehicule\/","title":{"rendered":"SIRAT : Un enfant fauch\u00e9 mortellement par un v\u00e9hicule"},"content":{"rendered":"<p><br id=\"sep_para_1\" class=\"sep_para access\"\/><\/p>\n<div id=\"para_1\" class=\"para_29236706 resize\">\n<div class=\"texte access firstletter\">Les accidents de la route ne cessent d\u2019endeuiller quotidiennement plusieurs familles \u00e0 travers la wilaya de Mostaganem, dans ce sillage, un dramatique accident de la circulation a eu lieu avant-hier\u00a0 au niveau de la commune de Sirat. Le drame s\u2019est produit lorsque la victime qui est un enfant \u00e2g\u00e9 de 3ans, se trouvait \u00e0 proximit\u00e9 de son domicile\u00a0 o\u00f9 il\u00a0 s\u2019est fait mortellement percut\u00e9 par un v\u00e9hicule conduit par une femme. Alert\u00e9s , les services de la protection civile\u00a0 sont intervenus pour transporter la d\u00e9pouille mortelle vers le service de la morgue relevant des services des urgences de la wilaya\u00a0 , a-t-on ajout\u00e9 Que l\u2019\u00e2me de la jeune victime repose en paix tout en lan\u00e7ant encore de nouveaux appels aux citoyens de prendre plus de vigilance au niveau des routes afin d&rsquo;\u00e9viter que de nouveaux drames routiers ne se produisent et alourdissent le bilan de vies humaines et d&rsquo;endeuiller de nouvelles familles.Rappelons que les m\u00eames services ont mis \u00e0 la disposition des citoyens le num\u00e9ro vert \u00ab\u00a014\u00a0\u00bb afin de signaler n&rsquo;importe quel incident.\u00a0\u00a0\u00a0\u00a0\u00a0\u00a0\u00a0\u00a0\u00a0\u00a0\u00a0\u00a0\u00a0\u00a0\u00a0\u00a0\u00a0\u00a0<\/div>\n<\/div>\n<p>Auteur: G.Yacine<br \/>\n<a href=\"https:\/\/www.reflexiondz.net\/SIRAT-Un-enfant-fauche-mortellement-par-un-vehicule_a54517.html\">Cliquez ici pour lire l&rsquo;article depuis sa source.<\/a><\/p>\n","protected":false},"excerpt":{"rendered":"<p>Les accidents de la route ne cessent d\u2019endeuiller quotidiennement plusieurs familles \u00e0 travers la wilaya de Mostaganem, dans ce sillage, un dramatique accident de la circulation a eu lieu avant-hier\u00a0 au niveau de la commune de Sirat. Le drame s\u2019est produit lorsque la victime qui est un enfant \u00e2g\u00e9 de 3ans, se trouvait \u00e0 proximit\u00e9 [&hellip;]<\/p>\n","protected":false},"author":1740,"featured_media":0,"comment_status":"closed","ping_status":"closed","sticky":false,"template":"","format":"standard","meta":{"fifu_image_url":"","fifu_image_alt":"","footnotes":""},"categories":[53,76],"tags":[],"class_list":["post-14561","post","type-post","status-publish","format-standard","hentry","category-algerie","category-regions"],"_links":{"self":[{"href":"https:\/\/linitiative.ca\/International\/wp-json\/wp\/v2\/posts\/14561","targetHints":{"allow":["GET"]}}],"collection":[{"href":"https:\/\/linitiative.ca\/International\/wp-json\/wp\/v2\/posts"}],"about":[{"href":"https:\/\/linitiative.ca\/International\/wp-json\/wp\/v2\/types\/post"}],"author":[{"embeddable":true,"href":"https:\/\/linitiative.ca\/International\/wp-json\/wp\/v2\/users\/1740"}],"replies":[{"embeddable":true,"href":"https:\/\/linitiative.ca\/International\/wp-json\/wp\/v2\/comments?post=14561"}],"version-history":[{"count":0,"href":"https:\/\/linitiative.ca\/International\/wp-json\/wp\/v2\/posts\/14561\/revisions"}],"wp:attachment":[{"href":"https:\/\/linitiative.ca\/International\/wp-json\/wp\/v2\/media?parent=14561"}],"wp:term":[{"taxonomy":"category","embeddable":true,"href":"https:\/\/linitiative.ca\/International\/wp-json\/wp\/v2\/categories?post=14561"},{"taxonomy":"post_tag","embeddable":true,"href":"https:\/\/linitiative.ca\/International\/wp-json\/wp\/v2\/tags?post=14561"}],"curies":[{"name":"wp","href":"https:\/\/api.w.org\/{rel}","templated":true}]}}