{"id":145610,"date":"2022-04-15T08:18:03","date_gmt":"2022-04-15T12:18:03","guid":{"rendered":"https:\/\/linitiative.ca\/International\/senegal-adji-sarr-maintient-ses-accusations-contre-ousmane-sonko\/"},"modified":"2022-04-15T08:18:03","modified_gmt":"2022-04-15T12:18:03","slug":"senegal-adji-sarr-maintient-ses-accusations-contre-ousmane-sonko","status":"publish","type":"post","link":"https:\/\/linitiative.ca\/International\/senegal-adji-sarr-maintient-ses-accusations-contre-ousmane-sonko\/","title":{"rendered":"S\u00e9n\u00e9gal : Adji Sarr maintient ses accusations contre Ousmane Sonko"},"content":{"rendered":"<div>\n<p><img decoding=\"async\" width=\"541\" height=\"332\" src=\"https:\/\/linitiative.ca\/International\/wp-content\/uploads\/sites\/23\/2022\/04\/16500250831299.jpg\" class=\"attachment-post-thumbnail size-post-thumbnail wp-post-image\" alt=\"\" loading=\"lazy\" srcset=\"https:\/\/linitiative.ca\/International\/wp-content\/uploads\/sites\/23\/2022\/04\/16500250831299.jpg 541w, https:\/\/www.journalducameroun.com\/wp-content\/uploads\/2022\/04\/16500250831299-300x184.jpg 300w\" sizes=\"auto, (max-width: 541px) 100vw, 541px\"><\/p>\n<p>Longuement auditionn\u00e9e jeudi par le Doyen des juges, la jeune masseuse a maintenu les accusations de viols et menaces de mort contre l&rsquo;opposant Ousmane Sonko.Adji Sarr est arriv\u00e9e hier au tribunal de Dakar sous bonne escorte s\u00e9curitaire en compagnie de son avocat, Me Elhadji Diouf, et plusieurs de ses soutiens. Ces derniers brandissaient des pancartes o\u00f9 ils r\u00e9clamaient justice pour elle qui, au m\u00eame moment, r\u00e9coltait les hu\u00e9es des partisans de Sonko. Mais avant d&rsquo;entrer dans l&rsquo;\u00e9difice, elle a lanc\u00e9 dans un air serein aux journalistes : \u00ab Je dis oui au proc\u00e8s \u00bb.<\/p>\n<p>L&rsquo;ex-employ\u00e9e de Sweet Beaut\u00e9 \u00e9tait confront\u00e9e \u00e0 son ex-patronne Nd\u00e8ye Khady Ndiaye, elle-aussi accompagn\u00e9e de son mari et ses avocats. L&rsquo;audition a \u00e9t\u00e9 organis\u00e9e dans le bureau du nouveau Doyen des juges, Oumar Maham Diallo, qui a succ\u00e9d\u00e9 \u00e0 Samba Sall, d\u00e9c\u00e9d\u00e9 en avril 2021. Selon le quotidien L&rsquo;Observateur, le face-\u00e0-face a \u00e9t\u00e9 houleux par moments alors qu&rsquo;Adji Sarr a \u00ab snob\u00e9 \u00bb la propri\u00e9taire du salon de massage, o\u00f9 Ousmane Sonko affirmait venir pour soigner un mal de dos.<\/p>\n<p>\u00ab Tu ne m&rsquo;int\u00e9resses pas dans cette affaire, je n&rsquo;ai pas port\u00e9 plainte contre toi. C&rsquo;est Ousmane Sonko que j&rsquo;attends pour une confrontation \u00bb, aurait dit la jeune fille, qui se dit avoir \u00e9t\u00e9 victime de \u00ab viols r\u00e9p\u00e9t\u00e9s\u00a0\u00bb de la part de l&rsquo;actuel maire de Ziguinchor (sud).<\/p>\n<p>Toutefois, Nd\u00e8ye Khady Ndiaye a r\u00e9it\u00e9r\u00e9 n&rsquo;avoir jamais \u00e9t\u00e9 inform\u00e9e de sc\u00e8nes de viols dans son salon. Interrog\u00e9e sur ses connaissances en kin\u00e9sith\u00e9rapie, elle aurait r\u00e9pondu ne pas s&rsquo;y conna\u00eetre m\u00eame si elle pr\u00e9cise avoir le \u00ab don de soigner \u00bb des maux de dos par le massage.<\/p>\n<p>A la suite de ces deux femmes, l&rsquo;audition d&rsquo;Ousmane Sonko ne devrait pas \u00e9galement tarder m\u00eame si elle a \u00e9t\u00e9 plusieurs fois annonc\u00e9e par la presse. L&rsquo;opposant arriv\u00e9 troisi\u00e8me \u00e0 la derni\u00e8re pr\u00e9sidentielle, sous contr\u00f4le judiciaire depuis un an dans cette affaire, a repris ses \u00e9margements dans le registre du juge d&rsquo;instruction du tribunal de Dakar. Il avait d\u00e9cid\u00e9 de boycotter un moment cette signature mensuelle obligatoire pour pousser la justice \u00e0 vider cette affaire, expliquait-il.<\/p>\n<p>Comme Adji Sarr, il se dit lui aussi pr\u00eat pour un proc\u00e8s m\u00eame s&rsquo;il souligne qu&rsquo;aucun juge ne peut le condamner sur la base des accusations de la plaignante. Il continue de d\u00e9noncer un \u00ab complot \u00bb pour torpiller sa candidature \u00e0 la magistrature supr\u00eame en 2024 alors que le camp de Macky Sall r\u00e9fute toute instrumentalisation de la justice.<\/p>\n<p>R\u00e9cemment, Ousmane Sonko a demand\u00e9 \u00e0 ses partisans de rester chez eux s&rsquo;il est de nouveau convoqu\u00e9 par le juge pour ne pas revivre les m\u00eames \u00e9v\u00e9nements de mars 2021. Son interpellation, alors qu&rsquo;il r\u00e9pondait \u00e0 une convocation du tribunal dans cette affaire, avait d\u00e9clench\u00e9 les pires troubles qu&rsquo;ait connus ces derni\u00e8res ann\u00e9es le S\u00e9n\u00e9gal, r\u00e9put\u00e9 pour \u00eatre un rare \u00eelot de stabilit\u00e9 en Afrique de l&rsquo;Ouest. Au moins treize personnes avaient \u00e9t\u00e9 tu\u00e9es.<\/p>\n<p>Cet article <a rel=\"nofollow\" href=\"https:\/\/www.journalducameroun.com\/senegal-adji-sarr-maintient-ses-accusations-contre-ousmane-sonko\/\">S\u00e9n\u00e9gal : Adji Sarr maintient ses accusations contre Ousmane Sonko<\/a> est apparu en premier sur <a rel=\"nofollow\" href=\"https:\/\/www.journalducameroun.com\/\">Journal du Cameroun<\/a>.<\/p>\n<\/div>\n<p>Auteur: APA News<br \/>\n<a href=\"https:\/\/www.journalducameroun.com\/senegal-adji-sarr-maintient-ses-accusations-contre-ousmane-sonko\/\">Cliquez ici pour lire l&rsquo;article depuis sa source.<\/a><\/p>\n","protected":false},"excerpt":{"rendered":"<p>Longuement auditionn\u00e9e jeudi par le Doyen des juges, la jeune masseuse a maintenu les accusations de viols et menaces de mort contre l&rsquo;opposant Ousmane Sonko.Adji Sarr est arriv\u00e9e hier au tribunal de Dakar sous bonne escorte s\u00e9curitaire en compagnie de son avocat, Me Elhadji Diouf, et plusieurs de ses soutiens. Ces derniers brandissaient des pancartes [&hellip;]<\/p>\n","protected":false},"author":1965,"featured_media":0,"comment_status":"closed","ping_status":"closed","sticky":false,"template":"","format":"standard","meta":{"fifu_image_url":"https:\/\/www.journalducameroun.com\/wp-content\/uploads\/2022\/04\/16500250831299.jpg","fifu_image_alt":"S\u00e9n\u00e9gal : Adji Sarr maintient ses accusations contre Ousmane Sonko","footnotes":""},"categories":[73,82],"tags":[],"class_list":["post-145610","post","type-post","status-publish","format-standard","hentry","category-actualite","category-cameroun"],"_links":{"self":[{"href":"https:\/\/linitiative.ca\/International\/wp-json\/wp\/v2\/posts\/145610","targetHints":{"allow":["GET"]}}],"collection":[{"href":"https:\/\/linitiative.ca\/International\/wp-json\/wp\/v2\/posts"}],"about":[{"href":"https:\/\/linitiative.ca\/International\/wp-json\/wp\/v2\/types\/post"}],"author":[{"embeddable":true,"href":"https:\/\/linitiative.ca\/International\/wp-json\/wp\/v2\/users\/1965"}],"replies":[{"embeddable":true,"href":"https:\/\/linitiative.ca\/International\/wp-json\/wp\/v2\/comments?post=145610"}],"version-history":[{"count":0,"href":"https:\/\/linitiative.ca\/International\/wp-json\/wp\/v2\/posts\/145610\/revisions"}],"wp:attachment":[{"href":"https:\/\/linitiative.ca\/International\/wp-json\/wp\/v2\/media?parent=145610"}],"wp:term":[{"taxonomy":"category","embeddable":true,"href":"https:\/\/linitiative.ca\/International\/wp-json\/wp\/v2\/categories?post=145610"},{"taxonomy":"post_tag","embeddable":true,"href":"https:\/\/linitiative.ca\/International\/wp-json\/wp\/v2\/tags?post=145610"}],"curies":[{"name":"wp","href":"https:\/\/api.w.org\/{rel}","templated":true}]}}