{"id":145614,"date":"2022-04-15T10:18:03","date_gmt":"2022-04-15T14:18:03","guid":{"rendered":"https:\/\/linitiative.ca\/International\/inondations-en-afrique-du-sud-le-bilan-passe-a-400-morts\/"},"modified":"2022-04-15T10:18:03","modified_gmt":"2022-04-15T14:18:03","slug":"inondations-en-afrique-du-sud-le-bilan-passe-a-400-morts","status":"publish","type":"post","link":"https:\/\/linitiative.ca\/International\/inondations-en-afrique-du-sud-le-bilan-passe-a-400-morts\/","title":{"rendered":"Inondations en Afrique du Sud : le bilan passe \u00e0 400 morts"},"content":{"rendered":"<div>\n<p><img decoding=\"async\" width=\"226\" height=\"223\" src=\"https:\/\/linitiative.ca\/International\/wp-content\/uploads\/sites\/23\/2022\/04\/16500322836959.jpg\" class=\"attachment-post-thumbnail size-post-thumbnail wp-post-image\" alt=\"\" loading=\"lazy\" srcset=\"https:\/\/linitiative.ca\/International\/wp-content\/uploads\/sites\/23\/2022\/04\/16500322836959.jpg 226w, https:\/\/www.journalducameroun.com\/wp-content\/uploads\/2022\/04\/16500322836959-60x60.jpg 60w, https:\/\/www.journalducameroun.com\/wp-content\/uploads\/2022\/04\/16500322836959-100x100.jpg 100w\" sizes=\"auto, (max-width: 226px) 100vw, 226px\"><\/p>\n<p>Des pluies torrentielles s&rsquo;abattent dans l&rsquo;est de la nation arc-en-ciel depuis le 9 avril dernier, poussant les autorit\u00e9s \u00e0 d\u00e9cr\u00e9ter l&rsquo;\u00e9tat d&rsquo;urgence.Le bilan macabre continue en Afrique du Sud. Dans ce pays d&rsquo;Afrique australe, o\u00f9 les pluies ont atteint leurs plus hauts niveaux depuis plus de 60 ans, des inondations ont caus\u00e9 la mort de 400 personnes dans le Kwazulu-Natal (KWN, est).<\/p>\n<p>\u00ab Un total de 40 723 personnes ont \u00e9t\u00e9 touch\u00e9es. Malheureusement, le nombre de d\u00e9c\u00e8s continue d&rsquo;augmenter, le dernier bilan enregistr\u00e9 faisant \u00e9tat de 395 morts \u00bb, a annonc\u00e9 ce vendredi 15 avril le d\u00e9partement de la Coop\u00e9ration et des Affaires traditionnelles de la province du Kwazulu-Natal.<\/p>\n<p>La plupart des victimes ont \u00e9t\u00e9 enregistr\u00e9es dans la r\u00e9gion c\u00f4ti\u00e8re de Durban, l&rsquo;\u00e9picentre des intemp\u00e9ries. Au total, 250 \u00e9coles sont touch\u00e9es par les coul\u00e9es de boue et les inondations qui ont endommag\u00e9 les routes et d\u00e9truit des milliers de maisons.<\/p>\n<p>Cet article <a rel=\"nofollow\" href=\"https:\/\/www.journalducameroun.com\/inondations-en-afrique-du-sud-le-bilan-passe-a-400-morts\/\">Inondations en Afrique du Sud : le bilan passe \u00e0 400 morts<\/a> est apparu en premier sur <a rel=\"nofollow\" href=\"https:\/\/www.journalducameroun.com\/\">Journal du Cameroun<\/a>.<\/p>\n<\/div>\n<p>Auteur: APA News<br \/>\n<a href=\"https:\/\/www.journalducameroun.com\/inondations-en-afrique-du-sud-le-bilan-passe-a-400-morts\/\">Cliquez ici pour lire l&rsquo;article depuis sa source.<\/a><\/p>\n","protected":false},"excerpt":{"rendered":"<p>Des pluies torrentielles s&rsquo;abattent dans l&rsquo;est de la nation arc-en-ciel depuis le 9 avril dernier, poussant les autorit\u00e9s \u00e0 d\u00e9cr\u00e9ter l&rsquo;\u00e9tat d&rsquo;urgence.Le bilan macabre continue en Afrique du Sud. Dans ce pays d&rsquo;Afrique australe, o\u00f9 les pluies ont atteint leurs plus hauts niveaux depuis plus de 60 ans, des inondations ont caus\u00e9 la mort de [&hellip;]<\/p>\n","protected":false},"author":1965,"featured_media":0,"comment_status":"closed","ping_status":"closed","sticky":false,"template":"","format":"standard","meta":{"fifu_image_url":"https:\/\/www.journalducameroun.com\/wp-content\/uploads\/2022\/04\/16500322836959.jpg","fifu_image_alt":"Inondations en Afrique du Sud : le bilan passe \u00e0 400 morts","footnotes":""},"categories":[73,82],"tags":[],"class_list":["post-145614","post","type-post","status-publish","format-standard","hentry","category-actualite","category-cameroun"],"_links":{"self":[{"href":"https:\/\/linitiative.ca\/International\/wp-json\/wp\/v2\/posts\/145614","targetHints":{"allow":["GET"]}}],"collection":[{"href":"https:\/\/linitiative.ca\/International\/wp-json\/wp\/v2\/posts"}],"about":[{"href":"https:\/\/linitiative.ca\/International\/wp-json\/wp\/v2\/types\/post"}],"author":[{"embeddable":true,"href":"https:\/\/linitiative.ca\/International\/wp-json\/wp\/v2\/users\/1965"}],"replies":[{"embeddable":true,"href":"https:\/\/linitiative.ca\/International\/wp-json\/wp\/v2\/comments?post=145614"}],"version-history":[{"count":0,"href":"https:\/\/linitiative.ca\/International\/wp-json\/wp\/v2\/posts\/145614\/revisions"}],"wp:attachment":[{"href":"https:\/\/linitiative.ca\/International\/wp-json\/wp\/v2\/media?parent=145614"}],"wp:term":[{"taxonomy":"category","embeddable":true,"href":"https:\/\/linitiative.ca\/International\/wp-json\/wp\/v2\/categories?post=145614"},{"taxonomy":"post_tag","embeddable":true,"href":"https:\/\/linitiative.ca\/International\/wp-json\/wp\/v2\/tags?post=145614"}],"curies":[{"name":"wp","href":"https:\/\/api.w.org\/{rel}","templated":true}]}}