{"id":14562,"date":"2019-02-15T11:30:00","date_gmt":"2019-02-15T16:30:00","guid":{"rendered":"https:\/\/linitiative.ca\/International\/oran-un-mort-et-des-blesses-a-ain-turck\/"},"modified":"2019-02-15T11:30:00","modified_gmt":"2019-02-15T16:30:00","slug":"oran-un-mort-et-des-blesses-a-ain-turck","status":"publish","type":"post","link":"https:\/\/linitiative.ca\/International\/oran-un-mort-et-des-blesses-a-ain-turck\/","title":{"rendered":"ORAN : Un mort et des bless\u00e9s  \u00e0 Ain Turck"},"content":{"rendered":"<p><br id=\"sep_para_1\" class=\"sep_para access\"\/><\/p>\n<div id=\"para_1\" class=\"para_29236690 resize\">\n<div class=\"texte access firstletter\">Un\u00a0 jeune automobiliste, roulant \u00e0 vive allure au niveau de la route reliant Oran vers la ville d\u2019Ain Turck, aux environs de 03 heures du matin, a intercept\u00e9 de plein fouet, un jeune motocycliste \u00e0 bord de son moto. La victime, \u00e2g\u00e9 de 23 ans environ est mort et 3 autres personnes ont \u00e9t\u00e9 bless\u00e9es, dans cet accident de la circulation survenu\u00a0 jeudi dernier en matin\u00e9e. Le drame s&rsquo;est produit sur le chemin de wilaya, entre Oran et A\u00efn Turck et plus exactement pr\u00e8s du \u2018\u2019rocher de la vieille\u2019\u2019 suite \u00e0 une collision. Le bilan a \u00e9t\u00e9 des plus lourds avec 1 mort et 3 bless\u00e9s, \u00e2g\u00e9s entre 22 et 29 ans. La d\u00e9pouille mortelle a \u00e9t\u00e9 d\u00e9pos\u00e9e \u00e0 la morgue et les bless\u00e9s \u00e9vacu\u00e9s au servies des UMC de l&rsquo;h\u00f4pital d&rsquo;Ain El-Turck. Une enqu\u00eate fut ouverte par les \u00e9l\u00e9ments de la s\u00fbret\u00e9 de da\u00efra pour d\u00e9terminer les causes r\u00e9elles de cet accident mortel.\u00a0\u00a0\u00a0\u00a0\u00a0\u00a0\u00a0\u00a0\u00a0\u00a0\u00a0\u00a0\u00a0\u00a0\u00a0\u00a0\u00a0\u00a0\u00a0\u00a0\u00a0\u00a0\u00a0\u00a0\u00a0\u00a0\u00a0\u00a0\u00a0\u00a0\u00a0\u00a0\u00a0\u00a0\u00a0\u00a0\u00a0\u00a0\u00a0\u00a0\u00a0\u00a0\u00a0\u00a0\u00a0\u00a0\u00a0\u00a0\u00a0\u00a0\u00a0\u00a0\u00a0\u00a0\u00a0\u00a0\u00a0\u00a0\u00a0\u00a0\u00a0<\/div>\n<\/div>\n<p>Auteur: Medjadji H.<br \/>\n<a href=\"https:\/\/www.reflexiondz.net\/ORAN-Un-mort-et-des-blesses-a-Ain-Turck_a54515.html\">Cliquez ici pour lire l&rsquo;article depuis sa source.<\/a><\/p>\n","protected":false},"excerpt":{"rendered":"<p>Un\u00a0 jeune automobiliste, roulant \u00e0 vive allure au niveau de la route reliant Oran vers la ville d\u2019Ain Turck, aux environs de 03 heures du matin, a intercept\u00e9 de plein fouet, un jeune motocycliste \u00e0 bord de son moto. La victime, \u00e2g\u00e9 de 23 ans environ est mort et 3 autres personnes ont \u00e9t\u00e9 bless\u00e9es, [&hellip;]<\/p>\n","protected":false},"author":1740,"featured_media":0,"comment_status":"closed","ping_status":"closed","sticky":false,"template":"","format":"standard","meta":{"fifu_image_url":"","fifu_image_alt":"","footnotes":""},"categories":[53,76],"tags":[],"class_list":["post-14562","post","type-post","status-publish","format-standard","hentry","category-algerie","category-regions"],"_links":{"self":[{"href":"https:\/\/linitiative.ca\/International\/wp-json\/wp\/v2\/posts\/14562","targetHints":{"allow":["GET"]}}],"collection":[{"href":"https:\/\/linitiative.ca\/International\/wp-json\/wp\/v2\/posts"}],"about":[{"href":"https:\/\/linitiative.ca\/International\/wp-json\/wp\/v2\/types\/post"}],"author":[{"embeddable":true,"href":"https:\/\/linitiative.ca\/International\/wp-json\/wp\/v2\/users\/1740"}],"replies":[{"embeddable":true,"href":"https:\/\/linitiative.ca\/International\/wp-json\/wp\/v2\/comments?post=14562"}],"version-history":[{"count":0,"href":"https:\/\/linitiative.ca\/International\/wp-json\/wp\/v2\/posts\/14562\/revisions"}],"wp:attachment":[{"href":"https:\/\/linitiative.ca\/International\/wp-json\/wp\/v2\/media?parent=14562"}],"wp:term":[{"taxonomy":"category","embeddable":true,"href":"https:\/\/linitiative.ca\/International\/wp-json\/wp\/v2\/categories?post=14562"},{"taxonomy":"post_tag","embeddable":true,"href":"https:\/\/linitiative.ca\/International\/wp-json\/wp\/v2\/tags?post=14562"}],"curies":[{"name":"wp","href":"https:\/\/api.w.org\/{rel}","templated":true}]}}