{"id":145626,"date":"2022-04-15T18:03:40","date_gmt":"2022-04-15T22:03:40","guid":{"rendered":"https:\/\/linitiative.ca\/International\/melkisation-des-terres-collectives-subvention-de-15-projets-pour-appuyer-lentreprenariat-agricole\/"},"modified":"2022-04-15T18:03:40","modified_gmt":"2022-04-15T22:03:40","slug":"melkisation-des-terres-collectives-subvention-de-15-projets-pour-appuyer-lentreprenariat-agricole","status":"publish","type":"post","link":"https:\/\/linitiative.ca\/International\/melkisation-des-terres-collectives-subvention-de-15-projets-pour-appuyer-lentreprenariat-agricole\/","title":{"rendered":"Melkisation des terres collectives: Subvention de 15 projets pour appuyer l\u2019entreprenariat agricole"},"content":{"rendered":"<div>\n<p><img decoding=\"async\" width=\"300\" height=\"153\" src=\"https:\/\/linitiative.ca\/International\/wp-content\/uploads\/sites\/23\/2022\/04\/Mohamed-Sadiki-convention-ENTREP-AGR-ONCA-5-300x153-1.jpg\" class=\"attachment-medium size-medium wp-post-image\" alt=\"\" loading=\"lazy\" srcset=\"https:\/\/linitiative.ca\/International\/wp-content\/uploads\/sites\/23\/2022\/04\/Mohamed-Sadiki-convention-ENTREP-AGR-ONCA-5-300x153-1.jpg 300w, https:\/\/aujourdhui.ma\/wp-content\/uploads\/2022\/04\/Mohamed-Sadiki-convention-ENTREP-AGR-ONCA-5-274x140.jpg 274w, https:\/\/aujourdhui.ma\/wp-content\/uploads\/2022\/04\/Mohamed-Sadiki-convention-ENTREP-AGR-ONCA-5.jpg 746w, https:\/\/aujourdhui.ma\/wp-content\/uploads\/2022\/04\/Mohamed-Sadiki-convention-ENTREP-AGR-ONCA-5-165x84.jpg 165w, https:\/\/aujourdhui.ma\/wp-content\/uploads\/2022\/04\/Mohamed-Sadiki-convention-ENTREP-AGR-ONCA-5-702x358.jpg 702w\" sizes=\"auto, (max-width: 300px) 100vw, 300px\"><\/p>\n<p><span style=\"color: #800000;\"><strong>L\u2019op\u00e9ration pilote de melkisation des terres collectives porte ses fruits. Dans ce sens, le Ministre de l\u2019Agriculture, de la P\u00eache Maritime, du D\u00e9veloppement Rural et des Eaux et For\u00eats, M. Mohammed Sadiki, a pr\u00e9sid\u00e9, vendredi 15 avril 2022 \u00e0 Rabat, la c\u00e9r\u00e9monie de signature de conventions de subvention de 15 projets s\u00e9lectionn\u00e9s dans le cadre de l\u2019appel \u00e0 projets portant sur l\u2019appui \u00e0 l\u2019entreprenariat agricole.<\/strong><\/span><span id=\"more-405366\"><\/span><\/p>\n<p>La c\u00e9r\u00e9monie a \u00e9t\u00e9 marqu\u00e9e par la participation de la Directrice R\u00e9sidente de Millennium Challenge Corporation (MCC) au Maroc, Mme Carrie Monahan, de la Directrice G\u00e9n\u00e9rale de l\u2019Agence Millennium Challenge Account-Morocco (MCA-Morocco), Mme Malika Laasri et du Directeur G\u00e9n\u00e9ral de l\u2019Office National du Conseil Agricole (ONCA), M. Jaouad Bahaji.<\/p>\n<p><img loading=\"lazy\" decoding=\"async\" class=\"aligncenter size-full wp-image-405375\" src=\"https:\/\/linitiative.ca\/International\/wp-content\/uploads\/sites\/23\/2022\/04\/Mohamed-Sadiki-convention-ENTREP-AGR-ONCA-9.jpg\" alt=\"\" width=\"746\" height=\"380\" srcset=\"https:\/\/linitiative.ca\/International\/wp-content\/uploads\/sites\/23\/2022\/04\/Mohamed-Sadiki-convention-ENTREP-AGR-ONCA-9.jpg 746w, https:\/\/aujourdhui.ma\/wp-content\/uploads\/2022\/04\/Mohamed-Sadiki-convention-ENTREP-AGR-ONCA-9-300x153.jpg 300w, https:\/\/aujourdhui.ma\/wp-content\/uploads\/2022\/04\/Mohamed-Sadiki-convention-ENTREP-AGR-ONCA-9-274x140.jpg 274w, https:\/\/aujourdhui.ma\/wp-content\/uploads\/2022\/04\/Mohamed-Sadiki-convention-ENTREP-AGR-ONCA-9-165x84.jpg 165w, https:\/\/aujourdhui.ma\/wp-content\/uploads\/2022\/04\/Mohamed-Sadiki-convention-ENTREP-AGR-ONCA-9-702x358.jpg 702w\" sizes=\"auto, (max-width: 746px) 100vw, 746px\"><\/p>\n<p>Cet appel \u00e0 projets s\u2019inscrit dans le cadre de la mise en \u0153uvre des mesures d\u2019accompagnement de l\u2019op\u00e9ration pilote de melkisation des terres collectives situ\u00e9es dans les p\u00e9rim\u00e8tres d\u2019irrigation du Gharb et du Haouz, d\u00e9ploy\u00e9e au titre de l\u2019activit\u00e9 \u00ab Foncier rural \u00bb relevant du programme de coop\u00e9ration \u00ab Compact II \u00bb, conclu entre le gouvernement du Royaume du Maroc et le gouvernement des Etats-Unis, repr\u00e9sent\u00e9 par MCC.<\/p>\n<p>En ligne avec les objectifs de la nouvelle strat\u00e9gie de d\u00e9veloppement agricole G\u00e9n\u00e9ration Green 2020-2030 et lanc\u00e9 en application de l\u2019accord de partenariat conclu le 07 novembre 2019 entre l\u2019Agence MCA-Morocco et l\u2019ONCA, cet appel \u00e0 projets aspire \u00e0 promouvoir une approche innovante et inclusive de l\u2019entreprenariat agricole visant l\u2019autonomisation \u00e9conomique des femmes et des jeunes vivant de la terre et\/ou ayant un lien avec elle. Cet appel \u00e0 projets s\u2019adresse aux associations et coop\u00e9ratives agricoles, avec une pr\u00e9dilection pour les organisations f\u00e9minines ou celles comptant parmi ses membres des jeunes \u00e2g\u00e9s de 15 \u00e0 45 ans.<\/p>\n<p>Totalisant un budget de 20,5 millions de DH et subventionn\u00e9s \u00e0 hauteur de 76% gr\u00e2ce au soutien du \u00ab Compact II \u00bb (15,6 millions de DH), ces projets concernent les provinces de K\u00e9nitra (4 projets), de Sidi Slimane et Sidi Kacem (3 projets chacune) et d\u2019El Kel\u00e2a des Sraghnas (5 projets).<\/p>\n<p><img loading=\"lazy\" decoding=\"async\" class=\"aligncenter size-full wp-image-405367\" src=\"https:\/\/linitiative.ca\/International\/wp-content\/uploads\/sites\/23\/2022\/04\/Mohamed-Sadiki-convention-ENTREP-AGR-ONCA.jpg\" alt=\"\" width=\"746\" height=\"380\" srcset=\"https:\/\/linitiative.ca\/International\/wp-content\/uploads\/sites\/23\/2022\/04\/Mohamed-Sadiki-convention-ENTREP-AGR-ONCA.jpg 746w, https:\/\/aujourdhui.ma\/wp-content\/uploads\/2022\/04\/Mohamed-Sadiki-convention-ENTREP-AGR-ONCA-300x153.jpg 300w, https:\/\/aujourdhui.ma\/wp-content\/uploads\/2022\/04\/Mohamed-Sadiki-convention-ENTREP-AGR-ONCA-274x140.jpg 274w, https:\/\/aujourdhui.ma\/wp-content\/uploads\/2022\/04\/Mohamed-Sadiki-convention-ENTREP-AGR-ONCA-165x84.jpg 165w, https:\/\/aujourdhui.ma\/wp-content\/uploads\/2022\/04\/Mohamed-Sadiki-convention-ENTREP-AGR-ONCA-702x358.jpg 702w\" sizes=\"auto, (max-width: 746px) 100vw, 746px\"><\/p>\n<p>Devant g\u00e9n\u00e9rer pr\u00e8s de 27.000 journ\u00e9es de travail par an, ces projets couvrent divers domaines, portant notamment sur les services, l\u2019ol\u00e9iculture, la valorisation du lait, l\u2019agro-\u00e9cologie, l\u2019agro-tourisme, l\u2019h\u00e9liciculture, la culture d\u2019avocat et de produits maraichers et la commercialisation de l\u00e9gumineuses et de plantes aromatiques et m\u00e9dicinales.<\/p>\n<p>Les 15 projets s\u00e9lectionn\u00e9s \u00e0 l\u2019issue d\u2019un processus rigoureux d\u2019\u00e9valuation et d\u2019accompagnement en pr\u00e9-cr\u00e9ation sont port\u00e9s par des coop\u00e9ratives, qui vont b\u00e9n\u00e9ficier d\u2019un appui technique et financier visant \u00e0 am\u00e9liorer leurs syst\u00e8mes de production et \u00e0 d\u00e9velopper et renforcer leurs activit\u00e9s \u00e9conomiques en lien avec le secteur agricole. Elles seront \u00e9troitement accompagn\u00e9es par l\u2019ONCA en post-cr\u00e9ation dans la mise en \u0153uvre de leurs projets.<\/p>\n<p><img loading=\"lazy\" decoding=\"async\" class=\"aligncenter size-full wp-image-405376\" src=\"https:\/\/linitiative.ca\/International\/wp-content\/uploads\/sites\/23\/2022\/04\/Mohamed-Sadiki-convention-ENTREP-AGR-ONCA72.jpg\" alt=\"\" width=\"746\" height=\"380\" srcset=\"https:\/\/linitiative.ca\/International\/wp-content\/uploads\/sites\/23\/2022\/04\/Mohamed-Sadiki-convention-ENTREP-AGR-ONCA72.jpg 746w, https:\/\/aujourdhui.ma\/wp-content\/uploads\/2022\/04\/Mohamed-Sadiki-convention-ENTREP-AGR-ONCA72-300x153.jpg 300w, https:\/\/aujourdhui.ma\/wp-content\/uploads\/2022\/04\/Mohamed-Sadiki-convention-ENTREP-AGR-ONCA72-274x140.jpg 274w, https:\/\/aujourdhui.ma\/wp-content\/uploads\/2022\/04\/Mohamed-Sadiki-convention-ENTREP-AGR-ONCA72-165x84.jpg 165w, https:\/\/aujourdhui.ma\/wp-content\/uploads\/2022\/04\/Mohamed-Sadiki-convention-ENTREP-AGR-ONCA72-702x358.jpg 702w\" sizes=\"auto, (max-width: 746px) 100vw, 746px\"> <img loading=\"lazy\" decoding=\"async\" class=\"aligncenter size-full wp-image-405374\" src=\"https:\/\/linitiative.ca\/International\/wp-content\/uploads\/sites\/23\/2022\/04\/Mohamed-Sadiki-convention-ENTREP-AGR-ONCA-8.jpg\" alt=\"\" width=\"746\" height=\"380\" srcset=\"https:\/\/linitiative.ca\/International\/wp-content\/uploads\/sites\/23\/2022\/04\/Mohamed-Sadiki-convention-ENTREP-AGR-ONCA-8.jpg 746w, https:\/\/aujourdhui.ma\/wp-content\/uploads\/2022\/04\/Mohamed-Sadiki-convention-ENTREP-AGR-ONCA-8-300x153.jpg 300w, https:\/\/aujourdhui.ma\/wp-content\/uploads\/2022\/04\/Mohamed-Sadiki-convention-ENTREP-AGR-ONCA-8-274x140.jpg 274w, https:\/\/aujourdhui.ma\/wp-content\/uploads\/2022\/04\/Mohamed-Sadiki-convention-ENTREP-AGR-ONCA-8-165x84.jpg 165w, https:\/\/aujourdhui.ma\/wp-content\/uploads\/2022\/04\/Mohamed-Sadiki-convention-ENTREP-AGR-ONCA-8-702x358.jpg 702w\" sizes=\"auto, (max-width: 746px) 100vw, 746px\"> <img loading=\"lazy\" decoding=\"async\" class=\"aligncenter size-full wp-image-405373\" src=\"https:\/\/linitiative.ca\/International\/wp-content\/uploads\/sites\/23\/2022\/04\/Mohamed-Sadiki-convention-ENTREP-AGR-ONCA-6.jpg\" alt=\"\" width=\"746\" height=\"380\" srcset=\"https:\/\/linitiative.ca\/International\/wp-content\/uploads\/sites\/23\/2022\/04\/Mohamed-Sadiki-convention-ENTREP-AGR-ONCA-6.jpg 746w, https:\/\/aujourdhui.ma\/wp-content\/uploads\/2022\/04\/Mohamed-Sadiki-convention-ENTREP-AGR-ONCA-6-300x153.jpg 300w, https:\/\/aujourdhui.ma\/wp-content\/uploads\/2022\/04\/Mohamed-Sadiki-convention-ENTREP-AGR-ONCA-6-274x140.jpg 274w, https:\/\/aujourdhui.ma\/wp-content\/uploads\/2022\/04\/Mohamed-Sadiki-convention-ENTREP-AGR-ONCA-6-165x84.jpg 165w, https:\/\/aujourdhui.ma\/wp-content\/uploads\/2022\/04\/Mohamed-Sadiki-convention-ENTREP-AGR-ONCA-6-702x358.jpg 702w\" sizes=\"auto, (max-width: 746px) 100vw, 746px\"> <img loading=\"lazy\" decoding=\"async\" class=\"aligncenter size-full wp-image-405370\" src=\"https:\/\/linitiative.ca\/International\/wp-content\/uploads\/sites\/23\/2022\/04\/Mohamed-Sadiki-convention-ENTREP-AGR-ONCA-3.jpg\" alt=\"\" width=\"746\" height=\"380\" srcset=\"https:\/\/linitiative.ca\/International\/wp-content\/uploads\/sites\/23\/2022\/04\/Mohamed-Sadiki-convention-ENTREP-AGR-ONCA-3.jpg 746w, https:\/\/aujourdhui.ma\/wp-content\/uploads\/2022\/04\/Mohamed-Sadiki-convention-ENTREP-AGR-ONCA-3-300x153.jpg 300w, https:\/\/aujourdhui.ma\/wp-content\/uploads\/2022\/04\/Mohamed-Sadiki-convention-ENTREP-AGR-ONCA-3-274x140.jpg 274w, https:\/\/aujourdhui.ma\/wp-content\/uploads\/2022\/04\/Mohamed-Sadiki-convention-ENTREP-AGR-ONCA-3-165x84.jpg 165w, https:\/\/aujourdhui.ma\/wp-content\/uploads\/2022\/04\/Mohamed-Sadiki-convention-ENTREP-AGR-ONCA-3-702x358.jpg 702w\" sizes=\"auto, (max-width: 746px) 100vw, 746px\"> <img loading=\"lazy\" decoding=\"async\" class=\"aligncenter size-full wp-image-405371\" src=\"https:\/\/linitiative.ca\/International\/wp-content\/uploads\/sites\/23\/2022\/04\/Mohamed-Sadiki-convention-ENTREP-AGR-ONCA-4.jpg\" alt=\"\" width=\"746\" height=\"380\" srcset=\"https:\/\/linitiative.ca\/International\/wp-content\/uploads\/sites\/23\/2022\/04\/Mohamed-Sadiki-convention-ENTREP-AGR-ONCA-4.jpg 746w, https:\/\/aujourdhui.ma\/wp-content\/uploads\/2022\/04\/Mohamed-Sadiki-convention-ENTREP-AGR-ONCA-4-300x153.jpg 300w, https:\/\/aujourdhui.ma\/wp-content\/uploads\/2022\/04\/Mohamed-Sadiki-convention-ENTREP-AGR-ONCA-4-274x140.jpg 274w, https:\/\/aujourdhui.ma\/wp-content\/uploads\/2022\/04\/Mohamed-Sadiki-convention-ENTREP-AGR-ONCA-4-165x84.jpg 165w, https:\/\/aujourdhui.ma\/wp-content\/uploads\/2022\/04\/Mohamed-Sadiki-convention-ENTREP-AGR-ONCA-4-702x358.jpg 702w\" sizes=\"auto, (max-width: 746px) 100vw, 746px\"> <img loading=\"lazy\" decoding=\"async\" class=\"aligncenter size-full wp-image-405368\" src=\"https:\/\/linitiative.ca\/International\/wp-content\/uploads\/sites\/23\/2022\/04\/Mohamed-Sadiki-convention-ENTREP-AGR-ONCA-1.jpg\" alt=\"\" width=\"746\" height=\"380\" srcset=\"https:\/\/linitiative.ca\/International\/wp-content\/uploads\/sites\/23\/2022\/04\/Mohamed-Sadiki-convention-ENTREP-AGR-ONCA-1.jpg 746w, https:\/\/aujourdhui.ma\/wp-content\/uploads\/2022\/04\/Mohamed-Sadiki-convention-ENTREP-AGR-ONCA-1-300x153.jpg 300w, https:\/\/aujourdhui.ma\/wp-content\/uploads\/2022\/04\/Mohamed-Sadiki-convention-ENTREP-AGR-ONCA-1-274x140.jpg 274w, https:\/\/aujourdhui.ma\/wp-content\/uploads\/2022\/04\/Mohamed-Sadiki-convention-ENTREP-AGR-ONCA-1-165x84.jpg 165w, https:\/\/aujourdhui.ma\/wp-content\/uploads\/2022\/04\/Mohamed-Sadiki-convention-ENTREP-AGR-ONCA-1-702x358.jpg 702w\" sizes=\"auto, (max-width: 746px) 100vw, 746px\"><\/p>\n<\/div>\n<p>Auteur: ALM<br \/>\n<a href=\"https:\/\/aujourdhui.ma\/economie\/melkisation-des-terres-collectives-subvention-de-15-projets-pour-appuyer-lentreprenariat-agricole\">Cliquez ici pour lire l&rsquo;article depuis sa source.<\/a><\/p>\n","protected":false},"excerpt":{"rendered":"<p>L\u2019op\u00e9ration pilote de melkisation des terres collectives porte ses fruits. Dans ce sens, le Ministre de l\u2019Agriculture, de la P\u00eache Maritime, du D\u00e9veloppement Rural et des Eaux et For\u00eats, M. Mohammed Sadiki, a pr\u00e9sid\u00e9, vendredi 15 avril 2022 \u00e0 Rabat, la c\u00e9r\u00e9monie de signature de conventions de subvention de 15 projets s\u00e9lectionn\u00e9s dans le cadre [&hellip;]<\/p>\n","protected":false},"author":1759,"featured_media":0,"comment_status":"closed","ping_status":"closed","sticky":false,"template":"","format":"standard","meta":{"fifu_image_url":"https:\/\/aujourdhui.ma\/wp-content\/uploads\/2022\/04\/Mohamed-Sadiki-convention-ENTREP-AGR-ONCA-5-300x153.jpg","fifu_image_alt":"Melkisation des terres collectives: Subvention de 15 projets pour appuyer l\u2019entreprenariat agricole","footnotes":""},"categories":[73,54],"tags":[],"class_list":["post-145626","post","type-post","status-publish","format-standard","hentry","category-actualite","category-maroc"],"_links":{"self":[{"href":"https:\/\/linitiative.ca\/International\/wp-json\/wp\/v2\/posts\/145626","targetHints":{"allow":["GET"]}}],"collection":[{"href":"https:\/\/linitiative.ca\/International\/wp-json\/wp\/v2\/posts"}],"about":[{"href":"https:\/\/linitiative.ca\/International\/wp-json\/wp\/v2\/types\/post"}],"author":[{"embeddable":true,"href":"https:\/\/linitiative.ca\/International\/wp-json\/wp\/v2\/users\/1759"}],"replies":[{"embeddable":true,"href":"https:\/\/linitiative.ca\/International\/wp-json\/wp\/v2\/comments?post=145626"}],"version-history":[{"count":0,"href":"https:\/\/linitiative.ca\/International\/wp-json\/wp\/v2\/posts\/145626\/revisions"}],"wp:attachment":[{"href":"https:\/\/linitiative.ca\/International\/wp-json\/wp\/v2\/media?parent=145626"}],"wp:term":[{"taxonomy":"category","embeddable":true,"href":"https:\/\/linitiative.ca\/International\/wp-json\/wp\/v2\/categories?post=145626"},{"taxonomy":"post_tag","embeddable":true,"href":"https:\/\/linitiative.ca\/International\/wp-json\/wp\/v2\/tags?post=145626"}],"curies":[{"name":"wp","href":"https:\/\/api.w.org\/{rel}","templated":true}]}}