{"id":14563,"date":"2019-02-15T11:30:00","date_gmt":"2019-02-15T16:30:00","guid":{"rendered":"https:\/\/linitiative.ca\/International\/tiaret-pres-de-800-psychotropes-saisis-a-frenda\/"},"modified":"2019-02-15T11:30:00","modified_gmt":"2019-02-15T16:30:00","slug":"tiaret-pres-de-800-psychotropes-saisis-a-frenda","status":"publish","type":"post","link":"https:\/\/linitiative.ca\/International\/tiaret-pres-de-800-psychotropes-saisis-a-frenda\/","title":{"rendered":"TIARET : Pr\u00e8s de 800 psychotropes saisis \u00e0 Frenda"},"content":{"rendered":"<p><br id=\"sep_para_1\" class=\"sep_para access\"\/><\/p>\n<div id=\"para_1\" class=\"para_29236673 resize\">\n<div class=\"texte access firstletter\">Agissant sur informations, faisant part de l\u2019\u00e9coulement de comprim\u00e9s de psychotropes, au niveau de certains quartiers de la ville de Tiaret par un jeune, originaire de la ville de Frenda, les \u00e9l\u00e9ments de la brigade mobile de police judiciaire, relevant de la s\u00fbret\u00e9 de da\u00efra de Frenda, \u00e0 quelque 50 km du chef-lieu de wilaya de Tiaret, et apr\u00e8s avoir bien localis\u00e9 le mis en cause, ils l&rsquo;ont arr\u00eat\u00e9 dans un caf\u00e9 de la ville de Tiaret et en sa possession 17 comprim\u00e9s de psychotropes et une perquisition d\u00fbment sign\u00e9e par le procureur de la r\u00e9publique, au sein du domicile du suspect, a permis de d\u00e9couvrir quelque 773 comprim\u00e9s ainsi que 3 flacons de drogue liquide. Pr\u00e9sent\u00e9 par devant le magistrat-instructeur, pr\u00e8s le tribunal de Frenda, le d\u00e9nomm\u00e9, A.A, 43 ans, a \u00e9t\u00e9 mis sous mandat de d\u00e9p\u00f4t, lit-on dans un communiqu\u00e9 de presse adress\u00e9 \u00e0 notre r\u00e9daction, par la cellule d&rsquo;information et de communication relevant de la s\u00fbret\u00e9 de wilaya de Tiaret et dans le m\u00eame contexte, l\u2019on apprend aupr\u00e8s d&rsquo;une source polici\u00e8re autoris\u00e9e que les \u00e9l\u00e9ments de la police judiciaire, relevant de la 1ere s\u00fbret\u00e9 urbaine de la ville de Tiaret et agissant sur informations, ont arr\u00eat\u00e9 le d\u00e9nomm\u00e9 B.L, 44 ans et lequel se servait d&rsquo;un placard mural situ\u00e9 derri\u00e8re les escaliers de l&rsquo;immeuble o\u00f9 il r\u00e9side, et ce, pour cacher les plaquettes de kif trait\u00e9 en notant qu&rsquo;une quantit\u00e9 estim\u00e9e \u00e0 22,9 grammes a \u00e9t\u00e9 retrouv\u00e9e dans ce lieu. Pr\u00e9sent\u00e9 par devant le magistrat-instructeur, pr\u00e8s le tribunal de Tiaret, le mis en cause a \u00e9t\u00e9 mis sous mandat de d\u00e9p\u00f4t, apprend-on de la m\u00eame source qui ajoute que les \u00e9l\u00e9ments de la brigade mobile de police judiciaire, relevant de la s\u00fbret\u00e9 de wilaya de Tiaret et apr\u00e8s un recueil d&rsquo;informations, ont arr\u00eat\u00e9 le nomm\u00e9 B.K, \u00e2g\u00e9 de 22 ans et en sa possession 2 plaquettes de kif trait\u00e9. Pr\u00e9sent\u00e9 devant le tribunal de Tiaret, ce jeune a \u00e9t\u00e9 condamn\u00e9 \u00e0 payer une amende de 50.000 dinars.\u00a0\u00a0\u00a0\u00a0\u00a0<\/div>\n<\/div>\n<p>Auteur: A.Benrebiha<br \/>\n<a href=\"https:\/\/www.reflexiondz.net\/TIARET-Pres-de-800-psychotropes-saisis-a-Frenda_a54514.html\">Cliquez ici pour lire l&rsquo;article depuis sa source.<\/a><\/p>\n","protected":false},"excerpt":{"rendered":"<p>Agissant sur informations, faisant part de l\u2019\u00e9coulement de comprim\u00e9s de psychotropes, au niveau de certains quartiers de la ville de Tiaret par un jeune, originaire de la ville de Frenda, les \u00e9l\u00e9ments de la brigade mobile de police judiciaire, relevant de la s\u00fbret\u00e9 de da\u00efra de Frenda, \u00e0 quelque 50 km du chef-lieu de wilaya [&hellip;]<\/p>\n","protected":false},"author":1740,"featured_media":0,"comment_status":"closed","ping_status":"closed","sticky":false,"template":"","format":"standard","meta":{"fifu_image_url":"","fifu_image_alt":"","footnotes":""},"categories":[53,76],"tags":[],"class_list":["post-14563","post","type-post","status-publish","format-standard","hentry","category-algerie","category-regions"],"_links":{"self":[{"href":"https:\/\/linitiative.ca\/International\/wp-json\/wp\/v2\/posts\/14563","targetHints":{"allow":["GET"]}}],"collection":[{"href":"https:\/\/linitiative.ca\/International\/wp-json\/wp\/v2\/posts"}],"about":[{"href":"https:\/\/linitiative.ca\/International\/wp-json\/wp\/v2\/types\/post"}],"author":[{"embeddable":true,"href":"https:\/\/linitiative.ca\/International\/wp-json\/wp\/v2\/users\/1740"}],"replies":[{"embeddable":true,"href":"https:\/\/linitiative.ca\/International\/wp-json\/wp\/v2\/comments?post=14563"}],"version-history":[{"count":0,"href":"https:\/\/linitiative.ca\/International\/wp-json\/wp\/v2\/posts\/14563\/revisions"}],"wp:attachment":[{"href":"https:\/\/linitiative.ca\/International\/wp-json\/wp\/v2\/media?parent=14563"}],"wp:term":[{"taxonomy":"category","embeddable":true,"href":"https:\/\/linitiative.ca\/International\/wp-json\/wp\/v2\/categories?post=14563"},{"taxonomy":"post_tag","embeddable":true,"href":"https:\/\/linitiative.ca\/International\/wp-json\/wp\/v2\/tags?post=14563"}],"curies":[{"name":"wp","href":"https:\/\/api.w.org\/{rel}","templated":true}]}}