{"id":145636,"date":"2022-04-16T06:10:03","date_gmt":"2022-04-16T10:10:03","guid":{"rendered":"https:\/\/linitiative.ca\/International\/ramadan-le-sens-de-la-cohesion-sociale\/"},"modified":"2022-04-16T06:10:03","modified_gmt":"2022-04-16T10:10:03","slug":"ramadan-le-sens-de-la-cohesion-sociale","status":"publish","type":"post","link":"https:\/\/linitiative.ca\/International\/ramadan-le-sens-de-la-cohesion-sociale\/","title":{"rendered":"Ramadan : Le sens de la coh\u00e9sion sociale"},"content":{"rendered":"<div>\n<p><img decoding=\"async\" width=\"300\" height=\"153\" src=\"https:\/\/linitiative.ca\/International\/wp-content\/uploads\/sites\/23\/2022\/04\/lOperation-ramadan-300x153-1.jpg\" class=\"attachment-medium size-medium wp-post-image\" alt=\"\" loading=\"lazy\" srcset=\"https:\/\/linitiative.ca\/International\/wp-content\/uploads\/sites\/23\/2022\/04\/lOperation-ramadan-300x153-1.jpg 300w, https:\/\/aujourdhui.ma\/wp-content\/uploads\/2021\/04\/lOperation-ramadan-274x140.jpg 274w, https:\/\/aujourdhui.ma\/wp-content\/uploads\/2021\/04\/lOperation-ramadan.jpg 746w, https:\/\/aujourdhui.ma\/wp-content\/uploads\/2021\/04\/lOperation-ramadan-165x84.jpg 165w, https:\/\/aujourdhui.ma\/wp-content\/uploads\/2021\/04\/lOperation-ramadan-702x358.jpg 702w\" sizes=\"auto, (max-width: 300px) 100vw, 300px\"><\/p>\n<div id=\"attachment_345687\" style=\"width: 190px\" class=\"wp-caption alignleft\"><a href=\"https:\/\/linitiative.ca\/International\/wp-content\/uploads\/sites\/23\/2022\/04\/Dr-Imane-Kendili-1-1.jpg\"><img loading=\"lazy\" decoding=\"async\" aria-describedby=\"caption-attachment-345687\" class=\" wp-image-345687\" src=\"https:\/\/linitiative.ca\/International\/wp-content\/uploads\/sites\/23\/2022\/04\/Dr-Imane-Kendili-1-1.jpg\" alt=\"\" width=\"180\" height=\"183\" srcset=\"https:\/\/linitiative.ca\/International\/wp-content\/uploads\/sites\/23\/2022\/04\/Dr-Imane-Kendili-1-1.jpg 373w, https:\/\/aujourdhui.ma\/wp-content\/uploads\/2020\/05\/Dr-Imane-Kendili-1-294x300.jpg 294w, https:\/\/aujourdhui.ma\/wp-content\/uploads\/2020\/05\/Dr-Imane-Kendili-1-36x36.jpg 36w\" sizes=\"auto, (max-width: 180px) 100vw, 180px\"><\/a><\/p>\n<p id=\"caption-attachment-345687\" class=\"wp-caption-text\"><strong>Par Dr Imane Kendili<\/strong><br \/><strong>Psychiatre-addictologue<\/strong><\/p>\n<\/div>\n<p>Chaque mois de Ramadan est un mois unique dans l\u2019ann\u00e9e. Chaque fois, c\u2019est l\u00e0 une parenth\u00e8se \u00e0 part dans le cycle des jours pour nous donner une belle occasion de nous retrouver et de nous am\u00e9liorer surtout dans nos relations et dans nos rapports aux autres. En effet, \u00e0 Ramadan exceptionnel, mesures exceptionnelles. Cette ann\u00e9e l\u2019entraide sociale pour aider les personnes d\u00e9munies et en situation de besoin se d\u00e9cline \u00e0 plusieurs niveaux de la soci\u00e9t\u00e9 marocaine. D\u2019un c\u00f4t\u00e9, l\u2019op\u00e9ration Ramadan en est \u00e0 la 22\u00e8me \u00e9dition cette ann\u00e9e. Pour ce Ramadan 2021, le nombre de paniers alimentaires distribu\u00e9s est en hausse.<span id=\"more-405302\"><\/span><br \/>\nMobilisant une enveloppe budg\u00e9taire de 103 millions de dirhams, l\u2019op\u00e9ration Ramadan, qui consiste en la distribution de denr\u00e9es alimentaires, b\u00e9n\u00e9ficie cette ann\u00e9e \u00e0 pr\u00e8s de 3 millions de personnes \u00e9tablies dans 83 provinces et pr\u00e9fectures du Royaume et regroup\u00e9es au sein de 600.000 m\u00e9nages; 77% d\u2019entre elles sont issues du monde rural.<br \/>\nDepuis son lancement, cette op\u00e9ration nationale de soutien alimentaire a mobilis\u00e9 une enveloppe budg\u00e9taire globale de plus d\u20191,5 milliard de dirhams. Le nombre de familles qui en b\u00e9n\u00e9ficient est pass\u00e9 de 34.100 en 1998 \u00e0 600.000 depuis 2020.<\/p>\n<p>Les b\u00e9n\u00e9ficiaires sont les veuves, les personnes \u00e2g\u00e9es, les personnes en situation de handicap et les personnes vivant en situation de pr\u00e9carit\u00e9. Elles sont identifi\u00e9es par des comit\u00e9s provinciaux encadr\u00e9s par le minist\u00e8re de l\u2019int\u00e9rieur. Les familles sont inform\u00e9es par les ca\u00efdats pour la distribution des aides, et ce, en porte-\u00e0-porte, pour \u00e9viter les queues et les mouvements de foule ainsi que les rassemblements qui sont tr\u00e8s dangereux pour la sant\u00e9 des citoyens. D\u2019un autre c\u00f4t\u00e9, il y a l\u2019engagement de la soci\u00e9t\u00e9 civile qui s\u2019active de mani\u00e8re concr\u00e8te pour aider le plus grand nombre de personnes, un peu partout sur le territoire national. Dans plusieurs villes, des associations locales ont pris l\u2019initiative d\u2019identifier, quartier par quartier, les familles n\u00e9cessiteuses pour leur apporter l\u2019aide et le soutien dont elles ont besoin. Des milliers de familles ont ainsi pu b\u00e9n\u00e9ficier des paniers de Ramadan, surtout dans les petites villes comme c\u2019est le cas \u00e0 Kh\u00e9nifra, Taroudant, El Hajeb, la province de Marrakech, Khouribga, la province d\u2019Ifrane, la r\u00e9gion de F\u00e8s-Mekn\u00e8s\u2026 Avec ce souci d\u2019aller chez l\u2019habitant pour \u00e9viter tout risque de contamination. En effet, par temps de Covid-19, les mesures strictes de lutte contre le virus ont \u00e9t\u00e9 prises en compte pour optimiser la distribution sans d\u00e9plorer le moindre d\u00e9rapage ni la moindre prise de risque.<\/p>\n<p>C\u2019est ce m\u00eame \u00e9tat d\u2019esprit qui pr\u00e9side aux distributions dans les quartiers comme c\u2019est le cas, \u00e0 titre d\u2019exemple, dans la r\u00e9gion du Grand Casablanca o\u00f9 l\u2019on a pu constater que des b\u00e9n\u00e9voles se sont occup\u00e9s de l\u2019acheminement des paniers alimentaires jusqu\u2019aux foyers d\u00e9sign\u00e9s, apr\u00e8s avoir fait des collectes d\u2019argent entre voisins pour aider les plus pauvres entre eux. Certains donateurs anonymes ont \u00e9galement mis \u00e0 la disposition de plusieurs dizaines de familles des produits alimentaires de premi\u00e8re n\u00e9cessit\u00e9, dans un \u00e9lan naturel et spontan\u00e9 de solidarit\u00e9 entre Marocains. Il faut dire que cette ann\u00e9e, plus que toutes les autres, les gens ont pris conscience qu\u2019avec la grave crise li\u00e9e \u00e0 la Covid-19, de tr\u00e8s nombreuses familles n\u2019ont plus de quoi subvenir \u00e0 leurs besoins. Les causes sont claires : perte de travail, ch\u00f4mage forc\u00e9, fermeture de nombreuses petites entreprises, faillite des petites affaires locales, manque de liquidit\u00e9, \u00e9rosion des \u00e9pargnes, apr\u00e8s 26 mois de coronavirus qui ont profond\u00e9ment impact\u00e9 les familles pauvres au Maroc. D\u2019o\u00f9 cette cha\u00eene citoyenne qui a pris spontan\u00e9ment dans toutes les r\u00e9gions du pays pour nous montrer par les faits que les Marocains font encore une fois preuve de coh\u00e9sion et de solidarit\u00e9.<\/p>\n<p>Sans oublier \u00e9galement les repr\u00e9sentations diplomatiques de pays arabes amis du Maroc qui s\u2019activent durant ce mois pour apporter leur soutien aux familles vuln\u00e9rables. L\u2019Arabie saoudite, les \u00c9mirats arabes unis et le Qatar, notamment, multiplient les initiatives qui visent \u00e0 apporter un soutien financier et alimentaire \u00e0 des milliers de Marocains et \u00e0 des associations caritatives. Une belle solidarit\u00e9 a saluer et qui s\u2019inscrit dans la dur\u00e9e donnant de l\u2019espoir \u00e0 des centaines de milliers de familles.<\/p>\n<\/div>\n<p>Auteur: ALM<br \/>\n<a href=\"https:\/\/aujourdhui.ma\/societe\/ramadan-le-sens-de-la-cohesion-sociale\">Cliquez ici pour lire l&rsquo;article depuis sa source.<\/a><\/p>\n","protected":false},"excerpt":{"rendered":"<p>Par Dr Imane KendiliPsychiatre-addictologue Chaque mois de Ramadan est un mois unique dans l\u2019ann\u00e9e. Chaque fois, c\u2019est l\u00e0 une parenth\u00e8se \u00e0 part dans le cycle des jours pour nous donner une belle occasion de nous retrouver et de nous am\u00e9liorer surtout dans nos relations et dans nos rapports aux autres. En effet, \u00e0 Ramadan exceptionnel, [&hellip;]<\/p>\n","protected":false},"author":1759,"featured_media":0,"comment_status":"closed","ping_status":"closed","sticky":false,"template":"","format":"standard","meta":{"fifu_image_url":"https:\/\/aujourdhui.ma\/wp-content\/uploads\/2021\/04\/lOperation-ramadan-300x153.jpg","fifu_image_alt":"Ramadan : Le sens de la coh\u00e9sion sociale","footnotes":""},"categories":[73,54],"tags":[],"class_list":["post-145636","post","type-post","status-publish","format-standard","hentry","category-actualite","category-maroc"],"_links":{"self":[{"href":"https:\/\/linitiative.ca\/International\/wp-json\/wp\/v2\/posts\/145636","targetHints":{"allow":["GET"]}}],"collection":[{"href":"https:\/\/linitiative.ca\/International\/wp-json\/wp\/v2\/posts"}],"about":[{"href":"https:\/\/linitiative.ca\/International\/wp-json\/wp\/v2\/types\/post"}],"author":[{"embeddable":true,"href":"https:\/\/linitiative.ca\/International\/wp-json\/wp\/v2\/users\/1759"}],"replies":[{"embeddable":true,"href":"https:\/\/linitiative.ca\/International\/wp-json\/wp\/v2\/comments?post=145636"}],"version-history":[{"count":0,"href":"https:\/\/linitiative.ca\/International\/wp-json\/wp\/v2\/posts\/145636\/revisions"}],"wp:attachment":[{"href":"https:\/\/linitiative.ca\/International\/wp-json\/wp\/v2\/media?parent=145636"}],"wp:term":[{"taxonomy":"category","embeddable":true,"href":"https:\/\/linitiative.ca\/International\/wp-json\/wp\/v2\/categories?post=145636"},{"taxonomy":"post_tag","embeddable":true,"href":"https:\/\/linitiative.ca\/International\/wp-json\/wp\/v2\/tags?post=145636"}],"curies":[{"name":"wp","href":"https:\/\/api.w.org\/{rel}","templated":true}]}}