{"id":145639,"date":"2022-04-16T10:36:20","date_gmt":"2022-04-16T14:36:20","guid":{"rendered":"https:\/\/linitiative.ca\/International\/integration-de-la-langue-amazighe-dans-les-administrations-ghita-mezzour-active-les-mesures\/"},"modified":"2022-04-16T10:36:20","modified_gmt":"2022-04-16T14:36:20","slug":"integration-de-la-langue-amazighe-dans-les-administrations-ghita-mezzour-active-les-mesures","status":"publish","type":"post","link":"https:\/\/linitiative.ca\/International\/integration-de-la-langue-amazighe-dans-les-administrations-ghita-mezzour-active-les-mesures\/","title":{"rendered":"Int\u00e9gration de la langue amazighe dans les administrations: Ghita Mezzour active les mesures"},"content":{"rendered":"<div>\n<p><img decoding=\"async\" width=\"300\" height=\"153\" src=\"https:\/\/linitiative.ca\/International\/wp-content\/uploads\/sites\/23\/2022\/04\/Ghita-Mezzour-300x153-1.jpg\" class=\"attachment-medium size-medium wp-post-image\" alt=\"\" loading=\"lazy\" srcset=\"https:\/\/linitiative.ca\/International\/wp-content\/uploads\/sites\/23\/2022\/04\/Ghita-Mezzour-300x153-1.jpg 300w, https:\/\/aujourdhui.ma\/wp-content\/uploads\/2022\/04\/Ghita-Mezzour-274x140.jpg 274w, https:\/\/aujourdhui.ma\/wp-content\/uploads\/2022\/04\/Ghita-Mezzour.jpg 746w, https:\/\/aujourdhui.ma\/wp-content\/uploads\/2022\/04\/Ghita-Mezzour-165x84.jpg 165w, https:\/\/aujourdhui.ma\/wp-content\/uploads\/2022\/04\/Ghita-Mezzour-702x358.jpg 702w\" sizes=\"auto, (max-width: 300px) 100vw, 300px\"><\/p>\n<p><strong>L\u2019activation des mesures et proc\u00e9dures li\u00e9es \u00e0 l\u2019int\u00e9gration de la langue amazighe dans les administrations publiques a \u00e9t\u00e9 au centre d\u2019une r\u00e9union, pr\u00e9sid\u00e9e, vendredi \u00e0 Rabat, par la ministre d\u00e9l\u00e9gu\u00e9e charg\u00e9e de la Transition num\u00e9rique et de la R\u00e9forme de l\u2019administration Ghita Mezzour.<\/strong><span id=\"more-405380\"><\/span><\/p>\n<p>Lors de cette r\u00e9union, tenue en pr\u00e9sence des repr\u00e9sentants de diverses administrations publiques, Mme Mezzour a sign\u00e9 une circulaire portant sur l\u2019int\u00e9gration de la langue amazighe dans les administrations publiques, indique le minist\u00e8re d\u00e9l\u00e9gu\u00e9 en charge de la Transition num\u00e9rique et de la R\u00e9forme de l\u2019administration dans un communiqu\u00e9.<\/p>\n<p>La rencontre a \u00e9t\u00e9 l\u2019occasion pour les repr\u00e9sentants des administrations publiques d\u2019exposer leurs propositions \u00e0 cet \u00e9gard, fait savoir la m\u00eame source.<\/p>\n<p>Dans son allocution de circonstance, la ministre a rappel\u00e9 la Haute sollicitude de SM le Roi Mohammed VI envers l\u2019identit\u00e9 culturelle nationale et sa composante amazighe qui puise ses racines dans les profondeurs de l\u2019histoire et de la civilisation marocaines. De m\u00eame, elle a mis en relief la place centrale qu\u2019occupe la langue amazighe dans le programme gouvernemental qui l\u2019\u00e9rige parmi ses dix principaux engagements, avec un accent particulier sur l\u2019activation du caract\u00e8re officiel de cette langue.<\/p>\n<p>Ainsi, Mme Mezzour a appel\u00e9 les diff\u00e9rents d\u00e9partements \u00e0 s\u2019engager activement afin de r\u00e9ussir la mat\u00e9rialisation de ce chantier, rappelant dans ce cadre la cr\u00e9ation du fonds d\u00e9di\u00e9 \u00e0 soutenir la mise en \u0153uvre de projets sectoriels li\u00e9s \u00e0 l\u2019utilisation de l\u2019amazigh dans l\u2019administration publique.<\/p>\n<p>Pour la ministre, l\u2019objectif de la circulaire est avant tout de mobiliserb tous les moyens disponibles pour un acc\u00e8s \u00e9gal aubx services publics.<\/p>\n<p>La circulaire pr\u00e9conise l\u2019adoption de la langue amazighe et son inclusion dans chacun des centres d\u2019appels et structures d\u2019accueil et d\u2019orientation et sur les sites officiels des administrations publiques, ainsi que dans les communications et communiqu\u00e9s destin\u00e9s au public et dans les moyens de transport qui fournissent des services publics ou sont affili\u00e9s \u00e0 des administrations publiques.<\/p>\n<\/div>\n<p>Auteur: ALM<br \/>\n<a href=\"https:\/\/aujourdhui.ma\/actualite\/integration-de-la-langue-amazighe-dans-les-administrations-ghita-mezzour-active-les-mesures\">Cliquez ici pour lire l&rsquo;article depuis sa source.<\/a><\/p>\n","protected":false},"excerpt":{"rendered":"<p>L\u2019activation des mesures et proc\u00e9dures li\u00e9es \u00e0 l\u2019int\u00e9gration de la langue amazighe dans les administrations publiques a \u00e9t\u00e9 au centre d\u2019une r\u00e9union, pr\u00e9sid\u00e9e, vendredi \u00e0 Rabat, par la ministre d\u00e9l\u00e9gu\u00e9e charg\u00e9e de la Transition num\u00e9rique et de la R\u00e9forme de l\u2019administration Ghita Mezzour. Lors de cette r\u00e9union, tenue en pr\u00e9sence des repr\u00e9sentants de diverses administrations [&hellip;]<\/p>\n","protected":false},"author":1759,"featured_media":0,"comment_status":"closed","ping_status":"closed","sticky":false,"template":"","format":"standard","meta":{"fifu_image_url":"https:\/\/aujourdhui.ma\/wp-content\/uploads\/2022\/04\/Ghita-Mezzour-300x153.jpg","fifu_image_alt":"Int\u00e9gration de la langue amazighe dans les administrations: Ghita Mezzour active les mesures","footnotes":""},"categories":[73,54],"tags":[],"class_list":["post-145639","post","type-post","status-publish","format-standard","hentry","category-actualite","category-maroc"],"_links":{"self":[{"href":"https:\/\/linitiative.ca\/International\/wp-json\/wp\/v2\/posts\/145639","targetHints":{"allow":["GET"]}}],"collection":[{"href":"https:\/\/linitiative.ca\/International\/wp-json\/wp\/v2\/posts"}],"about":[{"href":"https:\/\/linitiative.ca\/International\/wp-json\/wp\/v2\/types\/post"}],"author":[{"embeddable":true,"href":"https:\/\/linitiative.ca\/International\/wp-json\/wp\/v2\/users\/1759"}],"replies":[{"embeddable":true,"href":"https:\/\/linitiative.ca\/International\/wp-json\/wp\/v2\/comments?post=145639"}],"version-history":[{"count":0,"href":"https:\/\/linitiative.ca\/International\/wp-json\/wp\/v2\/posts\/145639\/revisions"}],"wp:attachment":[{"href":"https:\/\/linitiative.ca\/International\/wp-json\/wp\/v2\/media?parent=145639"}],"wp:term":[{"taxonomy":"category","embeddable":true,"href":"https:\/\/linitiative.ca\/International\/wp-json\/wp\/v2\/categories?post=145639"},{"taxonomy":"post_tag","embeddable":true,"href":"https:\/\/linitiative.ca\/International\/wp-json\/wp\/v2\/tags?post=145639"}],"curies":[{"name":"wp","href":"https:\/\/api.w.org\/{rel}","templated":true}]}}