{"id":145641,"date":"2022-04-16T09:21:32","date_gmt":"2022-04-16T13:21:32","guid":{"rendered":"https:\/\/linitiative.ca\/International\/previsions-meteorologiques-pour-le-dimanche-17-avril-2022\/"},"modified":"2022-04-16T09:21:32","modified_gmt":"2022-04-16T13:21:32","slug":"previsions-meteorologiques-pour-le-dimanche-17-avril-2022","status":"publish","type":"post","link":"https:\/\/linitiative.ca\/International\/previsions-meteorologiques-pour-le-dimanche-17-avril-2022\/","title":{"rendered":"Pr\u00e9visions m\u00e9t\u00e9orologiques pour le dimanche 17 avril 2022"},"content":{"rendered":"<div>\n<div style=\"margin-bottom:20px;\"><img loading=\"lazy\" decoding=\"async\" width=\"750\" height=\"430\" src=\"https:\/\/linitiative.ca\/International\/wp-content\/uploads\/sites\/23\/2022\/04\/soleil_mC3A9tC3A9o-3.jpg\" class=\"attachment-post-thumbnail size-post-thumbnail wp-post-image\" alt=\"\" srcset=\"https:\/\/linitiative.ca\/International\/wp-content\/uploads\/sites\/23\/2022\/04\/soleil_mC3A9tC3A9o-3.jpg 750w, https:\/\/www.mapmarrakech.ma\/map\/uploads\/2022\/04\/soleil_m\u00e9t\u00e9o-3-300x172.jpg 300w\" sizes=\"auto, (max-width: 750px) 100vw, 750px\"><\/div>\n<p>\u2013 Temps assez chaud avec chergui local sur le Sud, le Souss et les plaines \u00e0 l\u2019Ouest de l\u2019Atlas.<\/p>\n<p>\u2013 Formations brumeuses localis\u00e9es sur les c\u00f4tes Sud.<\/p>\n<p>\u2013 Temps stable et ciel souvent voil\u00e9 par des nuages \u00e9lev\u00e9s en g\u00e9n\u00e9ral.<\/p>\n<p>\u2013 Vent mod\u00e9r\u00e9 \u00e0 localement assez fort sur les provinces Sud.<\/p>\n<p>\u2013 Chasse-poussi\u00e8res par endroits sur les provinces Sud.<\/p>\n<p>\u2013 Temp\u00e9ratures minimales de l\u2019ordre de 03\/10\u00b0C sur les montagnes, de 08\/13\u00b0C sur l\u2019Oriental, Oulm\u00e8s et les plateaux des Phosphates, de 13\/18\u00b0C sur les c\u00f4tes, le Nord, le Centre et les versants Sud-Est et de 19\/24\u00b0C sur le Sud.<\/p>\n<p>\u2013 Temp\u00e9ratures maximales en hausse, notamment sur les c\u00f4tes Sud.<\/p>\n<p>\u2013 Mer belle sur la M\u00e9diterran\u00e9e, agit\u00e9e \u00e0 peu agit\u00e9e sur le D\u00e9troit, peu agit\u00e9e \u00e0 agit\u00e9e entre Tan Tan et Boujdour ainsi qu\u2019agit\u00e9e ailleurs.<\/p>\n<p>The post <a rel=\"nofollow\" href=\"https:\/\/www.mapmarrakech.ma\/fr\/previsions-meteorologiques-pour-le-dimanche-17-avril-2022\/\">Pr\u00e9visions m\u00e9t\u00e9orologiques pour le dimanche 17 avril 2022<\/a> appeared first on <a rel=\"nofollow\" href=\"https:\/\/www.mapmarrakech.ma\/fr\">MapMarrakech<\/a>.<\/p>\n<\/div>\n<p>Auteur: Meriem IGASS<br \/>\n<a href=\"https:\/\/www.mapmarrakech.ma\/fr\/previsions-meteorologiques-pour-le-dimanche-17-avril-2022\/\">Cliquez ici pour lire l&rsquo;article depuis sa source.<\/a><\/p>\n","protected":false},"excerpt":{"rendered":"<p>\u2013 Temps assez chaud avec chergui local sur le Sud, le Souss et les plaines \u00e0 l\u2019Ouest de l\u2019Atlas. \u2013 Formations brumeuses localis\u00e9es sur les c\u00f4tes Sud. \u2013 Temps stable et ciel souvent voil\u00e9 par des nuages \u00e9lev\u00e9s en g\u00e9n\u00e9ral. \u2013 Vent mod\u00e9r\u00e9 \u00e0 localement assez fort sur les provinces Sud. \u2013 Chasse-poussi\u00e8res par endroits [&hellip;]<\/p>\n","protected":false},"author":1788,"featured_media":0,"comment_status":"closed","ping_status":"closed","sticky":false,"template":"","format":"standard","meta":{"fifu_image_url":"https:\/\/www.mapmarrakech.ma\/map\/uploads\/2022\/04\/soleil_m\u00e9t\u00e9o-3.jpg","fifu_image_alt":"Pr\u00e9visions m\u00e9t\u00e9orologiques pour le dimanche 17 avril 2022","footnotes":""},"categories":[54,76],"tags":[],"class_list":["post-145641","post","type-post","status-publish","format-standard","hentry","category-maroc","category-regions"],"_links":{"self":[{"href":"https:\/\/linitiative.ca\/International\/wp-json\/wp\/v2\/posts\/145641","targetHints":{"allow":["GET"]}}],"collection":[{"href":"https:\/\/linitiative.ca\/International\/wp-json\/wp\/v2\/posts"}],"about":[{"href":"https:\/\/linitiative.ca\/International\/wp-json\/wp\/v2\/types\/post"}],"author":[{"embeddable":true,"href":"https:\/\/linitiative.ca\/International\/wp-json\/wp\/v2\/users\/1788"}],"replies":[{"embeddable":true,"href":"https:\/\/linitiative.ca\/International\/wp-json\/wp\/v2\/comments?post=145641"}],"version-history":[{"count":0,"href":"https:\/\/linitiative.ca\/International\/wp-json\/wp\/v2\/posts\/145641\/revisions"}],"wp:attachment":[{"href":"https:\/\/linitiative.ca\/International\/wp-json\/wp\/v2\/media?parent=145641"}],"wp:term":[{"taxonomy":"category","embeddable":true,"href":"https:\/\/linitiative.ca\/International\/wp-json\/wp\/v2\/categories?post=145641"},{"taxonomy":"post_tag","embeddable":true,"href":"https:\/\/linitiative.ca\/International\/wp-json\/wp\/v2\/tags?post=145641"}],"curies":[{"name":"wp","href":"https:\/\/api.w.org\/{rel}","templated":true}]}}