{"id":145643,"date":"2022-04-16T09:55:22","date_gmt":"2022-04-16T13:55:22","guid":{"rendered":"https:\/\/linitiative.ca\/International\/temps-chaud-dimanche-et-lundi-dans-plusieurs-provinces-du-royaume\/"},"modified":"2022-04-16T09:55:22","modified_gmt":"2022-04-16T13:55:22","slug":"temps-chaud-dimanche-et-lundi-dans-plusieurs-provinces-du-royaume","status":"publish","type":"post","link":"https:\/\/linitiative.ca\/International\/temps-chaud-dimanche-et-lundi-dans-plusieurs-provinces-du-royaume\/","title":{"rendered":"Temps chaud dimanche et lundi dans plusieurs provinces du Royaume"},"content":{"rendered":"<div>\n<div style=\"margin-bottom:20px;\"><img loading=\"lazy\" decoding=\"async\" width=\"750\" height=\"430\" src=\"https:\/\/linitiative.ca\/International\/wp-content\/uploads\/sites\/23\/2022\/04\/soleil-1-3.jpg\" class=\"attachment-post-thumbnail size-post-thumbnail wp-post-image\" alt=\"\" srcset=\"https:\/\/linitiative.ca\/International\/wp-content\/uploads\/sites\/23\/2022\/04\/soleil-1-3.jpg 750w, https:\/\/www.mapmarrakech.ma\/map\/uploads\/2022\/01\/soleil-1-300x172.jpg 300w\" sizes=\"auto, (max-width: 750px) 100vw, 750px\"><\/div>\n<p>Ainsi, des temp\u00e9ratures variant entre 36 et 39\u00b0C concerneront dimanche et lundi les provinces d\u2019Inezgane-A\u00eft Melloul,Tiznit, Sidi Ifni, Chtouka-A\u00eft Baha, Taroudant et Guelmim, pr\u00e9cise la DGM dans un bulletin d\u2019alerte d\u2019un niveau de vigilance orange.<\/p>\n<p>Des temp\u00e9ratures allant de 38 \u00e0 41\u00b0C concerneront dimanche et lundi les provinces de Tan-Tan, Tarfaya, Es-Semara, Boujdour, La\u00e2youne, Aousserd et Oued Ed-Dahab, conclut la m\u00eame source.<\/p>\n<p>The post <a rel=\"nofollow\" href=\"https:\/\/www.mapmarrakech.ma\/fr\/temps-chaud-dimanche-et-lundi-dans-plusieurs-provinces-du-royaume\/\">Temps chaud dimanche et lundi dans plusieurs provinces du Royaume<\/a> appeared first on <a rel=\"nofollow\" href=\"https:\/\/www.mapmarrakech.ma\/fr\">MapMarrakech<\/a>.<\/p>\n<\/div>\n<p>Auteur: Meriem IGASS<br \/>\n<a href=\"https:\/\/www.mapmarrakech.ma\/fr\/temps-chaud-dimanche-et-lundi-dans-plusieurs-provinces-du-royaume\/\">Cliquez ici pour lire l&rsquo;article depuis sa source.<\/a><\/p>\n","protected":false},"excerpt":{"rendered":"<p>Ainsi, des temp\u00e9ratures variant entre 36 et 39\u00b0C concerneront dimanche et lundi les provinces d\u2019Inezgane-A\u00eft Melloul,Tiznit, Sidi Ifni, Chtouka-A\u00eft Baha, Taroudant et Guelmim, pr\u00e9cise la DGM dans un bulletin d\u2019alerte d\u2019un niveau de vigilance orange. Des temp\u00e9ratures allant de 38 \u00e0 41\u00b0C concerneront dimanche et lundi les provinces de Tan-Tan, Tarfaya, Es-Semara, Boujdour, La\u00e2youne, Aousserd [&hellip;]<\/p>\n","protected":false},"author":1788,"featured_media":0,"comment_status":"closed","ping_status":"closed","sticky":false,"template":"","format":"standard","meta":{"fifu_image_url":"https:\/\/www.mapmarrakech.ma\/map\/uploads\/2022\/01\/soleil-1.jpg","fifu_image_alt":"Temps chaud dimanche et lundi dans plusieurs provinces du Royaume","footnotes":""},"categories":[54,76],"tags":[],"class_list":["post-145643","post","type-post","status-publish","format-standard","hentry","category-maroc","category-regions"],"_links":{"self":[{"href":"https:\/\/linitiative.ca\/International\/wp-json\/wp\/v2\/posts\/145643","targetHints":{"allow":["GET"]}}],"collection":[{"href":"https:\/\/linitiative.ca\/International\/wp-json\/wp\/v2\/posts"}],"about":[{"href":"https:\/\/linitiative.ca\/International\/wp-json\/wp\/v2\/types\/post"}],"author":[{"embeddable":true,"href":"https:\/\/linitiative.ca\/International\/wp-json\/wp\/v2\/users\/1788"}],"replies":[{"embeddable":true,"href":"https:\/\/linitiative.ca\/International\/wp-json\/wp\/v2\/comments?post=145643"}],"version-history":[{"count":0,"href":"https:\/\/linitiative.ca\/International\/wp-json\/wp\/v2\/posts\/145643\/revisions"}],"wp:attachment":[{"href":"https:\/\/linitiative.ca\/International\/wp-json\/wp\/v2\/media?parent=145643"}],"wp:term":[{"taxonomy":"category","embeddable":true,"href":"https:\/\/linitiative.ca\/International\/wp-json\/wp\/v2\/categories?post=145643"},{"taxonomy":"post_tag","embeddable":true,"href":"https:\/\/linitiative.ca\/International\/wp-json\/wp\/v2\/tags?post=145643"}],"curies":[{"name":"wp","href":"https:\/\/api.w.org\/{rel}","templated":true}]}}