{"id":14565,"date":"2019-02-15T11:37:00","date_gmt":"2019-02-15T16:37:00","guid":{"rendered":"https:\/\/linitiative.ca\/International\/education-plus-de-135-000-enseignants-promus-en-2-ans\/"},"modified":"2019-02-15T11:37:00","modified_gmt":"2019-02-15T16:37:00","slug":"education-plus-de-135-000-enseignants-promus-en-2-ans","status":"publish","type":"post","link":"https:\/\/linitiative.ca\/International\/education-plus-de-135-000-enseignants-promus-en-2-ans\/","title":{"rendered":"EDUCATION  : Plus de 135.000 enseignants promus en 2 ans"},"content":{"rendered":"<p><br id=\"sep_para_1\" class=\"sep_para access\"\/><\/p>\n<div id=\"para_1\" class=\"para_29236770 resize\">\n<div class=\"texte access firstletter\">Plus de 135.000 enseignants ont \u00e9t\u00e9 promus \u00e0 de nouveaux grades de 2015 \u00e0 2017, a affirm\u00e9, M. Mohamed Cha\u00efb Draa, conseiller au minist\u00e8re de l&rsquo;Education nationale, qui a \u00e9t\u00e9 \u00e0 l\u2019une des \u00e9missions \u2018\u2019l\u2019Invit\u00e9 de la r\u00e9daction\u2019\u2019 de la Chaine 3 de la radio alg\u00e9rienne. Pour l&rsquo;ann\u00e9e 2018, 45.000 autres enseignants seront promus, a ajout\u00e9 M. Cha\u00efb Draa, qui a pr\u00e9cis\u00e9 que le grade de professeur principal et celui de professeur formateur sont deux grades nouvellement cr\u00e9es L\u2019\u00e9cole de qualit\u00e9 passe par la qualit\u00e9 des enseignants, dira l\u2019intervenant, qui pr\u00e9cise que ces derniers sont le moteur de la r\u00e9ussite de la reforme. C\u2019est pour cela, ajoutera t-il, que la formation des enseignants est un levier, tr\u00e8s important, qui a \u00e9t\u00e9 pris en charge depuis l\u2019ann\u00e9e derni\u00e8re par la tutelle.<\/div>\n<\/div>\n<p>Auteur: Ismain<br \/>\n<a href=\"https:\/\/www.reflexiondz.net\/EDUCATION-Plus-de-135-000-enseignants-promus-en-2-ans_a54524.html\">Cliquez ici pour lire l&rsquo;article depuis sa source.<\/a><\/p>\n","protected":false},"excerpt":{"rendered":"<p>Plus de 135.000 enseignants ont \u00e9t\u00e9 promus \u00e0 de nouveaux grades de 2015 \u00e0 2017, a affirm\u00e9, M. Mohamed Cha\u00efb Draa, conseiller au minist\u00e8re de l&rsquo;Education nationale, qui a \u00e9t\u00e9 \u00e0 l\u2019une des \u00e9missions \u2018\u2019l\u2019Invit\u00e9 de la r\u00e9daction\u2019\u2019 de la Chaine 3 de la radio alg\u00e9rienne. Pour l&rsquo;ann\u00e9e 2018, 45.000 autres enseignants seront promus, a [&hellip;]<\/p>\n","protected":false},"author":1740,"featured_media":0,"comment_status":"closed","ping_status":"closed","sticky":false,"template":"","format":"standard","meta":{"fifu_image_url":"","fifu_image_alt":"","footnotes":""},"categories":[53,76],"tags":[],"class_list":["post-14565","post","type-post","status-publish","format-standard","hentry","category-algerie","category-regions"],"_links":{"self":[{"href":"https:\/\/linitiative.ca\/International\/wp-json\/wp\/v2\/posts\/14565","targetHints":{"allow":["GET"]}}],"collection":[{"href":"https:\/\/linitiative.ca\/International\/wp-json\/wp\/v2\/posts"}],"about":[{"href":"https:\/\/linitiative.ca\/International\/wp-json\/wp\/v2\/types\/post"}],"author":[{"embeddable":true,"href":"https:\/\/linitiative.ca\/International\/wp-json\/wp\/v2\/users\/1740"}],"replies":[{"embeddable":true,"href":"https:\/\/linitiative.ca\/International\/wp-json\/wp\/v2\/comments?post=14565"}],"version-history":[{"count":0,"href":"https:\/\/linitiative.ca\/International\/wp-json\/wp\/v2\/posts\/14565\/revisions"}],"wp:attachment":[{"href":"https:\/\/linitiative.ca\/International\/wp-json\/wp\/v2\/media?parent=14565"}],"wp:term":[{"taxonomy":"category","embeddable":true,"href":"https:\/\/linitiative.ca\/International\/wp-json\/wp\/v2\/categories?post=14565"},{"taxonomy":"post_tag","embeddable":true,"href":"https:\/\/linitiative.ca\/International\/wp-json\/wp\/v2\/tags?post=14565"}],"curies":[{"name":"wp","href":"https:\/\/api.w.org\/{rel}","templated":true}]}}