{"id":145651,"date":"2022-04-16T10:14:10","date_gmt":"2022-04-16T14:14:10","guid":{"rendered":"https:\/\/linitiative.ca\/International\/auto-hall-ago-pour-nommer-un-nouvel-administrateur\/"},"modified":"2022-04-16T10:14:10","modified_gmt":"2022-04-16T14:14:10","slug":"auto-hall-ago-pour-nommer-un-nouvel-administrateur","status":"publish","type":"post","link":"https:\/\/linitiative.ca\/International\/auto-hall-ago-pour-nommer-un-nouvel-administrateur\/","title":{"rendered":"Auto Hall: AGO pour nommer un nouvel administrateur"},"content":{"rendered":"<div>\n<div class=\"field field-name-body field-type-text-with-summary field-label-hidden\">\n<div class=\"field-items\">\n<div class=\"field-item even\" property=\"content:encoded\">\n<p class=\"rtejustify\">Auto Hall a publi\u00e9 un avis de convocation des actionnaires \u00e0 l\u2019Assembl\u00e9e g\u00e9n\u00e9rale ordinaire (AGO) du 17 mai prochain. Outre l&rsquo;approbation des comptes de l&rsquo;exercice \u00e9coul\u00e9, l&rsquo;AGO devra aussi nommer\u00a0\u00a0Nadia Fassi Fehri en tant que nouvel administrateur pour une dur\u00e9e de 6 ans.<\/p>\n<\/div>\n<\/div>\n<\/div>\n<\/div>\n<p>Auteur: hgueye<br \/>\n<a href=\"https:\/\/www.leconomiste.com\/flash-infos\/auto-hall-ago-pour-nommer-un-nouvel-administrateur\">Cliquez ici pour lire l&rsquo;article depuis sa source.<\/a><\/p>\n","protected":false},"excerpt":{"rendered":"<p>Auto Hall a publi\u00e9 un avis de convocation des actionnaires \u00e0 l\u2019Assembl\u00e9e g\u00e9n\u00e9rale ordinaire (AGO) du 17 mai prochain. Outre l&rsquo;approbation des comptes de l&rsquo;exercice \u00e9coul\u00e9, l&rsquo;AGO devra aussi nommer\u00a0\u00a0Nadia Fassi Fehri en tant que nouvel administrateur pour une dur\u00e9e de 6 ans. Auteur: hgueye Cliquez ici pour lire l&rsquo;article depuis sa source.<\/p>\n","protected":false},"author":1763,"featured_media":0,"comment_status":"closed","ping_status":"closed","sticky":false,"template":"","format":"standard","meta":{"fifu_image_url":"","fifu_image_alt":"","footnotes":""},"categories":[78,54],"tags":[],"class_list":["post-145651","post","type-post","status-publish","format-standard","hentry","category-economie","category-maroc"],"_links":{"self":[{"href":"https:\/\/linitiative.ca\/International\/wp-json\/wp\/v2\/posts\/145651","targetHints":{"allow":["GET"]}}],"collection":[{"href":"https:\/\/linitiative.ca\/International\/wp-json\/wp\/v2\/posts"}],"about":[{"href":"https:\/\/linitiative.ca\/International\/wp-json\/wp\/v2\/types\/post"}],"author":[{"embeddable":true,"href":"https:\/\/linitiative.ca\/International\/wp-json\/wp\/v2\/users\/1763"}],"replies":[{"embeddable":true,"href":"https:\/\/linitiative.ca\/International\/wp-json\/wp\/v2\/comments?post=145651"}],"version-history":[{"count":0,"href":"https:\/\/linitiative.ca\/International\/wp-json\/wp\/v2\/posts\/145651\/revisions"}],"wp:attachment":[{"href":"https:\/\/linitiative.ca\/International\/wp-json\/wp\/v2\/media?parent=145651"}],"wp:term":[{"taxonomy":"category","embeddable":true,"href":"https:\/\/linitiative.ca\/International\/wp-json\/wp\/v2\/categories?post=145651"},{"taxonomy":"post_tag","embeddable":true,"href":"https:\/\/linitiative.ca\/International\/wp-json\/wp\/v2\/tags?post=145651"}],"curies":[{"name":"wp","href":"https:\/\/api.w.org\/{rel}","templated":true}]}}