{"id":145653,"date":"2022-04-16T06:44:00","date_gmt":"2022-04-16T10:44:00","guid":{"rendered":"https:\/\/linitiative.ca\/International\/serie-a-pour-la-100eme-de-bennacer-le-milan-ac-recupere-le-fauteuil-de-leader\/"},"modified":"2022-04-16T06:44:00","modified_gmt":"2022-04-16T10:44:00","slug":"serie-a-pour-la-100eme-de-bennacer-le-milan-ac-recupere-le-fauteuil-de-leader","status":"publish","type":"post","link":"https:\/\/linitiative.ca\/International\/serie-a-pour-la-100eme-de-bennacer-le-milan-ac-recupere-le-fauteuil-de-leader\/","title":{"rendered":"Serie A : Pour la 100\u00e8me de Bennacer, le Milan AC r\u00e9cup\u00e8re le fauteuil de leader"},"content":{"rendered":"<div>Isma\u00ebl Bennacer a jou\u00e9 ce vendredi son 100\u00e8me match toutes comp\u00e9titions confondues avec le Milan AC&#8230;<\/div>\n<p>Auteur:<br \/>\n<a href=\"https:\/\/www.lebuteur.com\/article\/detail?titre=serie-a-pour-la-100eme-de-bennacer-le-milan-ac-recupere-le-fauteuil-de-leader&#038;id=102703\">Cliquez ici pour lire l&rsquo;article depuis sa source.<\/a><\/p>\n","protected":false},"excerpt":{"rendered":"<p>Isma\u00ebl Bennacer a jou\u00e9 ce vendredi son 100\u00e8me match toutes comp\u00e9titions confondues avec le Milan AC&#8230; Auteur: Cliquez ici pour lire l&rsquo;article depuis sa source.<\/p>\n","protected":false},"author":1738,"featured_media":0,"comment_status":"closed","ping_status":"closed","sticky":false,"template":"","format":"standard","meta":{"fifu_image_url":"","fifu_image_alt":"","footnotes":""},"categories":[53,75],"tags":[],"class_list":["post-145653","post","type-post","status-publish","format-standard","hentry","category-algerie","category-sport"],"_links":{"self":[{"href":"https:\/\/linitiative.ca\/International\/wp-json\/wp\/v2\/posts\/145653","targetHints":{"allow":["GET"]}}],"collection":[{"href":"https:\/\/linitiative.ca\/International\/wp-json\/wp\/v2\/posts"}],"about":[{"href":"https:\/\/linitiative.ca\/International\/wp-json\/wp\/v2\/types\/post"}],"author":[{"embeddable":true,"href":"https:\/\/linitiative.ca\/International\/wp-json\/wp\/v2\/users\/1738"}],"replies":[{"embeddable":true,"href":"https:\/\/linitiative.ca\/International\/wp-json\/wp\/v2\/comments?post=145653"}],"version-history":[{"count":0,"href":"https:\/\/linitiative.ca\/International\/wp-json\/wp\/v2\/posts\/145653\/revisions"}],"wp:attachment":[{"href":"https:\/\/linitiative.ca\/International\/wp-json\/wp\/v2\/media?parent=145653"}],"wp:term":[{"taxonomy":"category","embeddable":true,"href":"https:\/\/linitiative.ca\/International\/wp-json\/wp\/v2\/categories?post=145653"},{"taxonomy":"post_tag","embeddable":true,"href":"https:\/\/linitiative.ca\/International\/wp-json\/wp\/v2\/tags?post=145653"}],"curies":[{"name":"wp","href":"https:\/\/api.w.org\/{rel}","templated":true}]}}