{"id":145654,"date":"2022-04-16T07:12:00","date_gmt":"2022-04-16T11:12:00","guid":{"rendered":"https:\/\/linitiative.ca\/International\/mondial-2022-drogba-trouve-normal-que-lalgerie-ne-soit-pas-qualifiee\/"},"modified":"2022-04-16T07:12:00","modified_gmt":"2022-04-16T11:12:00","slug":"mondial-2022-drogba-trouve-normal-que-lalgerie-ne-soit-pas-qualifiee","status":"publish","type":"post","link":"https:\/\/linitiative.ca\/International\/mondial-2022-drogba-trouve-normal-que-lalgerie-ne-soit-pas-qualifiee\/","title":{"rendered":"Mondial 2022 : Drogba trouve normal que l&rsquo;Alg\u00e9rie ne soit pas qualifi\u00e9e"},"content":{"rendered":"<div>Didier Drogba est revenu sur la d\u00e9faite de l\u2019Alg\u00e9rie face au Cameroun, mais aussi celle de l&rsquo;Egypte, en barrage d\u2019accession \u00e0 la Coupe du monde au Qatar&#8230;<\/div>\n<p>Auteur:<br \/>\n<a href=\"https:\/\/www.lebuteur.com\/article\/detail?titre=mondial-2022-drogba-trouve-normal-que-lalgerie-ne-soit-pas-qualifiee&#038;id=102704\">Cliquez ici pour lire l&rsquo;article depuis sa source.<\/a><\/p>\n","protected":false},"excerpt":{"rendered":"<p>Didier Drogba est revenu sur la d\u00e9faite de l\u2019Alg\u00e9rie face au Cameroun, mais aussi celle de l&rsquo;Egypte, en barrage d\u2019accession \u00e0 la Coupe du monde au Qatar&#8230; Auteur: Cliquez ici pour lire l&rsquo;article depuis sa source.<\/p>\n","protected":false},"author":1738,"featured_media":0,"comment_status":"closed","ping_status":"closed","sticky":false,"template":"","format":"standard","meta":{"fifu_image_url":"","fifu_image_alt":"","footnotes":""},"categories":[53,75],"tags":[],"class_list":["post-145654","post","type-post","status-publish","format-standard","hentry","category-algerie","category-sport"],"_links":{"self":[{"href":"https:\/\/linitiative.ca\/International\/wp-json\/wp\/v2\/posts\/145654","targetHints":{"allow":["GET"]}}],"collection":[{"href":"https:\/\/linitiative.ca\/International\/wp-json\/wp\/v2\/posts"}],"about":[{"href":"https:\/\/linitiative.ca\/International\/wp-json\/wp\/v2\/types\/post"}],"author":[{"embeddable":true,"href":"https:\/\/linitiative.ca\/International\/wp-json\/wp\/v2\/users\/1738"}],"replies":[{"embeddable":true,"href":"https:\/\/linitiative.ca\/International\/wp-json\/wp\/v2\/comments?post=145654"}],"version-history":[{"count":0,"href":"https:\/\/linitiative.ca\/International\/wp-json\/wp\/v2\/posts\/145654\/revisions"}],"wp:attachment":[{"href":"https:\/\/linitiative.ca\/International\/wp-json\/wp\/v2\/media?parent=145654"}],"wp:term":[{"taxonomy":"category","embeddable":true,"href":"https:\/\/linitiative.ca\/International\/wp-json\/wp\/v2\/categories?post=145654"},{"taxonomy":"post_tag","embeddable":true,"href":"https:\/\/linitiative.ca\/International\/wp-json\/wp\/v2\/tags?post=145654"}],"curies":[{"name":"wp","href":"https:\/\/api.w.org\/{rel}","templated":true}]}}