{"id":145657,"date":"2022-04-16T13:27:00","date_gmt":"2022-04-16T17:27:00","guid":{"rendered":"https:\/\/linitiative.ca\/International\/mahrez-et-les-citizens-elimines-de-la-fa-cup\/"},"modified":"2022-04-16T13:27:00","modified_gmt":"2022-04-16T17:27:00","slug":"mahrez-et-les-citizens-elimines-de-la-fa-cup","status":"publish","type":"post","link":"https:\/\/linitiative.ca\/International\/mahrez-et-les-citizens-elimines-de-la-fa-cup\/","title":{"rendered":"Mahrez et les Citizens \u00e9limin\u00e9s de la FA Cup"},"content":{"rendered":"<div>C\u2019est lui qui a \u00e9t\u00e9 l\u2019auteur de la passe d\u00e9cisive du deuxi\u00e8me but de son \u00e9quipe inscrit par Bernardo Silva&#8230;<\/div>\n<p>Auteur:<br \/>\n<a href=\"https:\/\/www.lebuteur.com\/article\/detail?titre=mahrez-et-les-citizens-elimines-de-la-fa-cup&#038;id=102707\">Cliquez ici pour lire l&rsquo;article depuis sa source.<\/a><\/p>\n","protected":false},"excerpt":{"rendered":"<p>C\u2019est lui qui a \u00e9t\u00e9 l\u2019auteur de la passe d\u00e9cisive du deuxi\u00e8me but de son \u00e9quipe inscrit par Bernardo Silva&#8230; Auteur: Cliquez ici pour lire l&rsquo;article depuis sa source.<\/p>\n","protected":false},"author":1738,"featured_media":0,"comment_status":"closed","ping_status":"closed","sticky":false,"template":"","format":"standard","meta":{"fifu_image_url":"","fifu_image_alt":"","footnotes":""},"categories":[53,75],"tags":[],"class_list":["post-145657","post","type-post","status-publish","format-standard","hentry","category-algerie","category-sport"],"_links":{"self":[{"href":"https:\/\/linitiative.ca\/International\/wp-json\/wp\/v2\/posts\/145657","targetHints":{"allow":["GET"]}}],"collection":[{"href":"https:\/\/linitiative.ca\/International\/wp-json\/wp\/v2\/posts"}],"about":[{"href":"https:\/\/linitiative.ca\/International\/wp-json\/wp\/v2\/types\/post"}],"author":[{"embeddable":true,"href":"https:\/\/linitiative.ca\/International\/wp-json\/wp\/v2\/users\/1738"}],"replies":[{"embeddable":true,"href":"https:\/\/linitiative.ca\/International\/wp-json\/wp\/v2\/comments?post=145657"}],"version-history":[{"count":0,"href":"https:\/\/linitiative.ca\/International\/wp-json\/wp\/v2\/posts\/145657\/revisions"}],"wp:attachment":[{"href":"https:\/\/linitiative.ca\/International\/wp-json\/wp\/v2\/media?parent=145657"}],"wp:term":[{"taxonomy":"category","embeddable":true,"href":"https:\/\/linitiative.ca\/International\/wp-json\/wp\/v2\/categories?post=145657"},{"taxonomy":"post_tag","embeddable":true,"href":"https:\/\/linitiative.ca\/International\/wp-json\/wp\/v2\/tags?post=145657"}],"curies":[{"name":"wp","href":"https:\/\/api.w.org\/{rel}","templated":true}]}}