{"id":145658,"date":"2022-04-16T04:00:00","date_gmt":"2022-04-16T08:00:00","guid":{"rendered":"https:\/\/linitiative.ca\/International\/un-concept-hispano-andalou-la-convivance\/"},"modified":"2022-04-16T04:00:00","modified_gmt":"2022-04-16T08:00:00","slug":"un-concept-hispano-andalou-la-convivance","status":"publish","type":"post","link":"https:\/\/linitiative.ca\/International\/un-concept-hispano-andalou-la-convivance\/","title":{"rendered":"Un concept hispano-andalou: la convivance"},"content":{"rendered":"<div><img decoding=\"async\" src=\"https:\/\/linitiative.ca\/International\/wp-content\/uploads\/sites\/23\/2022\/04\/1650028665_article.jpg\" alt=\"Un concept hispano-andalou: la convivance\" align=\"left\">Par Abdelaziz Kacem &#8211; Notre rencontre se situe \u00e0 un moment apocalyptique, celui du d\u00e9r\u00e8glement g\u00e9n\u00e9ral du monde. Dans tous les conflits auxquels nous assistons, les grands perdants, c\u2019est nous, nous, hommes de science et de culture. Mais o\u00f9 est l\u2019humanisme, qui de Socrate \u00e0 nos jours, fonde notre sacerdoce. Cela fait plus de dix ans que je n\u2019entends plus parler ni d\u2019amiti\u00e9 entre les peuples ni de dialogue des civilisations.<br \/>\nCompar\u00e9 \u00e0 notre pr\u00e9sent, le XXe si\u00e8cle, en d\u00e9pit de deux guerres mondiales d\u00e9vastatrices, a \u00e9t\u00e9 culturellement f\u00e9cond. O\u00f9 sont pass\u00e9s les ma\u00eetres-\u00e0-penser de nagu\u00e8re ? La haine entre les nations s\u2019est retourn\u00e9e contre chacune d\u2019entre &#8230;<\/p>\n<\/div>\n<p>Auteur:<br \/>\n<a href=\"https:\/\/www.leaders.com.tn\/article\/33249-un-concept-hispano-andalou-la-convivance\">Cliquez ici pour lire l&rsquo;article depuis sa source.<\/a><\/p>\n","protected":false},"excerpt":{"rendered":"<p>Par Abdelaziz Kacem &#8211; Notre rencontre se situe \u00e0 un moment apocalyptique, celui du d\u00e9r\u00e8glement g\u00e9n\u00e9ral du monde. Dans tous les conflits auxquels nous assistons, les grands perdants, c\u2019est nous, nous, hommes de science et de culture. Mais o\u00f9 est l\u2019humanisme, qui de Socrate \u00e0 nos jours, fonde notre sacerdoce. Cela fait plus de dix [&hellip;]<\/p>\n","protected":false},"author":1772,"featured_media":0,"comment_status":"closed","ping_status":"closed","sticky":false,"template":"","format":"standard","meta":{"fifu_image_url":"http:\/\/www.leaders.com.tn\/uploads\/content\/thumbnails_small\/1650028665_article.jpg","fifu_image_alt":"Un concept hispano-andalou: la convivance","footnotes":""},"categories":[73,55],"tags":[],"class_list":["post-145658","post","type-post","status-publish","format-standard","hentry","category-actualite","category-tunisie"],"_links":{"self":[{"href":"https:\/\/linitiative.ca\/International\/wp-json\/wp\/v2\/posts\/145658","targetHints":{"allow":["GET"]}}],"collection":[{"href":"https:\/\/linitiative.ca\/International\/wp-json\/wp\/v2\/posts"}],"about":[{"href":"https:\/\/linitiative.ca\/International\/wp-json\/wp\/v2\/types\/post"}],"author":[{"embeddable":true,"href":"https:\/\/linitiative.ca\/International\/wp-json\/wp\/v2\/users\/1772"}],"replies":[{"embeddable":true,"href":"https:\/\/linitiative.ca\/International\/wp-json\/wp\/v2\/comments?post=145658"}],"version-history":[{"count":0,"href":"https:\/\/linitiative.ca\/International\/wp-json\/wp\/v2\/posts\/145658\/revisions"}],"wp:attachment":[{"href":"https:\/\/linitiative.ca\/International\/wp-json\/wp\/v2\/media?parent=145658"}],"wp:term":[{"taxonomy":"category","embeddable":true,"href":"https:\/\/linitiative.ca\/International\/wp-json\/wp\/v2\/categories?post=145658"},{"taxonomy":"post_tag","embeddable":true,"href":"https:\/\/linitiative.ca\/International\/wp-json\/wp\/v2\/tags?post=145658"}],"curies":[{"name":"wp","href":"https:\/\/api.w.org\/{rel}","templated":true}]}}