{"id":14566,"date":"2019-02-15T11:37:00","date_gmt":"2019-02-15T16:37:00","guid":{"rendered":"https:\/\/linitiative.ca\/International\/commerce-des-exportations-vers-les-u-s-a-des-le-mois-de-juin\/"},"modified":"2019-02-15T11:37:00","modified_gmt":"2019-02-15T16:37:00","slug":"commerce-des-exportations-vers-les-u-s-a-des-le-mois-de-juin","status":"publish","type":"post","link":"https:\/\/linitiative.ca\/International\/commerce-des-exportations-vers-les-u-s-a-des-le-mois-de-juin\/","title":{"rendered":"COMMERCE : Des exportations vers les U.S.A d\u00e8s le mois de juin"},"content":{"rendered":"<p><br id=\"sep_para_1\" class=\"sep_para access\"\/><\/p>\n<div id=\"para_1\" class=\"para_29236773 resize\">\n<div class=\"texte access firstletter\">D\u2019ici le mois de juin prochain, tous les m\u00e9canismes n\u00e9cessaires seront mis en place pour faciliter aux op\u00e9rateurs alg\u00e9riens d\u2019exporter leurs produits vers les Etats-Unis\u00bb, a affirm\u00e9 le ministre du commerce, M. Sa\u00efd Djellab,\u00a0 le jeudi\u00a0 dernier en marge de la rencontre alg\u00e9ro-am\u00e9ricaine qui parachevait une visite de quatre jours d\u2019une d\u00e9l\u00e9gation d\u2019hommes d\u2019affaires am\u00e9ricains en Alg\u00e9rie. Le ministre pointe, parmi ces m\u00e9canismes, \u2018\u2019La Maison de l\u2019Alg\u00e9rie aux Etats-Unis\u2019\u2019, \u00abune exposition permanente des produits alg\u00e9riens dans ce pays\u00bb, a rappel\u00e9 Djellab, expliquant que c\u2019est ce qui \u00abpermettra aux op\u00e9rateurs professionnels de visiter cette exposition durant toute l\u2019ann\u00e9e, sera implant\u00e9e \u00e0 Baltimore (nord-est), qui abrite le plus grand port de la r\u00e9gion am\u00e9ricaine. Ce projet sera g\u00e9n\u00e9ralis\u00e9 dans l&rsquo;avenir \u00e0 tous les Etats am\u00e9ricains\u00bb.Le ministre du commerce a, ainsi, fait \u00e9tat d\u2019un partenariat avec \u2018\u2019New Media Solutions\u2019\u2019 et la Soci\u00e9t\u00e9 alg\u00e9rienne des foires et des expositions (Safex) qui \u00abpermettra de d\u00e9dier un espace permanent en ligne \u00e0 la Safex et \u00e0 ses clients qui y acc\u00e9deront via un mot de passe qui leur permettra de cr\u00e9er et mettre \u00e0 jour leurs profils et la panoplie de leurs produits. L&rsquo;administrateur de la plate-forme aura la charge de drainer les acheteurs et distributeurs vers le pavillon alg\u00e9rien virtuel\u00bb, a expliqu\u00e9 M.Djellab.<\/div>\n<\/div>\n<p>Auteur: Nadine<br \/>\n<a href=\"https:\/\/www.reflexiondz.net\/COMMERCE-Des-exportations-vers-les-U-S-A-des-le-mois-de-juin_a54525.html\">Cliquez ici pour lire l&rsquo;article depuis sa source.<\/a><\/p>\n","protected":false},"excerpt":{"rendered":"<p>D\u2019ici le mois de juin prochain, tous les m\u00e9canismes n\u00e9cessaires seront mis en place pour faciliter aux op\u00e9rateurs alg\u00e9riens d\u2019exporter leurs produits vers les Etats-Unis\u00bb, a affirm\u00e9 le ministre du commerce, M. Sa\u00efd Djellab,\u00a0 le jeudi\u00a0 dernier en marge de la rencontre alg\u00e9ro-am\u00e9ricaine qui parachevait une visite de quatre jours d\u2019une d\u00e9l\u00e9gation d\u2019hommes d\u2019affaires am\u00e9ricains [&hellip;]<\/p>\n","protected":false},"author":1740,"featured_media":0,"comment_status":"closed","ping_status":"closed","sticky":false,"template":"","format":"standard","meta":{"fifu_image_url":"","fifu_image_alt":"","footnotes":""},"categories":[53,76],"tags":[],"class_list":["post-14566","post","type-post","status-publish","format-standard","hentry","category-algerie","category-regions"],"_links":{"self":[{"href":"https:\/\/linitiative.ca\/International\/wp-json\/wp\/v2\/posts\/14566","targetHints":{"allow":["GET"]}}],"collection":[{"href":"https:\/\/linitiative.ca\/International\/wp-json\/wp\/v2\/posts"}],"about":[{"href":"https:\/\/linitiative.ca\/International\/wp-json\/wp\/v2\/types\/post"}],"author":[{"embeddable":true,"href":"https:\/\/linitiative.ca\/International\/wp-json\/wp\/v2\/users\/1740"}],"replies":[{"embeddable":true,"href":"https:\/\/linitiative.ca\/International\/wp-json\/wp\/v2\/comments?post=14566"}],"version-history":[{"count":0,"href":"https:\/\/linitiative.ca\/International\/wp-json\/wp\/v2\/posts\/14566\/revisions"}],"wp:attachment":[{"href":"https:\/\/linitiative.ca\/International\/wp-json\/wp\/v2\/media?parent=14566"}],"wp:term":[{"taxonomy":"category","embeddable":true,"href":"https:\/\/linitiative.ca\/International\/wp-json\/wp\/v2\/categories?post=14566"},{"taxonomy":"post_tag","embeddable":true,"href":"https:\/\/linitiative.ca\/International\/wp-json\/wp\/v2\/tags?post=14566"}],"curies":[{"name":"wp","href":"https:\/\/api.w.org\/{rel}","templated":true}]}}