{"id":145660,"date":"2022-04-16T11:04:00","date_gmt":"2022-04-16T15:04:00","guid":{"rendered":"https:\/\/linitiative.ca\/International\/le-decret-presidentiel-n2022-310-relatif-au-teletravail-des-agents-de-letat-realite-et-faisabilite\/"},"modified":"2022-04-16T11:04:00","modified_gmt":"2022-04-16T15:04:00","slug":"le-decret-presidentiel-n2022-310-relatif-au-teletravail-des-agents-de-letat-realite-et-faisabilite","status":"publish","type":"post","link":"https:\/\/linitiative.ca\/International\/le-decret-presidentiel-n2022-310-relatif-au-teletravail-des-agents-de-letat-realite-et-faisabilite\/","title":{"rendered":"Le d\u00e9cret-pr\u00e9sidentiel n\u00b02022\/310 relatif au t\u00e9l\u00e9travail des agents de l\u2019Etat: R\u00e9alit\u00e9 et faisabilit\u00e9?"},"content":{"rendered":"<div><img decoding=\"async\" src=\"https:\/\/linitiative.ca\/International\/wp-content\/uploads\/sites\/23\/2022\/04\/1650121608_article.jpg\" alt=\"Le d\u00e9cret-pr\u00e9sidentiel n\u00b02022\/310 relatif au t\u00e9l\u00e9travail des agents de l\u2019Etat: R\u00e9alit\u00e9 et faisabilit\u00e9?\" align=\"left\">Par Najet Brahmi Zouaoui. Professeure \u00e0 la facult\u00e9 de Droit et des Sciences politiques de Tunis. Avocate pr\u00e8s la Cour de cassation. Secr\u00e9taire g\u00e9n\u00e9rale de l\u2019Alliance Internationale des Femmes Avocates pr\u00e8s de Gen\u00e8ve.<br \/>\n1- \u00ab Autres temps, autres m\u0153urs \u00bb(1). Et pastichant ce proverbe fran\u00e7ais, on dira autre r\u00e9alit\u00e9 sociale, autres r\u00e8gles de droit. Cette affirmation serait d\u2019autant plus justifi\u00e9e que le l\u00e9gislateur tunisien s\u2019est engag\u00e9 depuis des ann\u00e9es dans une voie de r\u00e9formes tous azimut. Il en est particuli\u00e8rement de son engagement \u00e0 la mise en place d\u2019un processus servant de cadre l\u00e9gal \u00e0 la num\u00e9risation de l\u2019administration tunisienne. Son action vient &#8230;<\/p>\n<\/div>\n<p>Auteur:<br \/>\n<a href=\"https:\/\/www.leaders.com.tn\/article\/33252-le-decret-presidentiel-n-2022-310-relatif-au-teletravail-des-agents-de-l-etat-realite-et-faisabilite\">Cliquez ici pour lire l&rsquo;article depuis sa source.<\/a><\/p>\n","protected":false},"excerpt":{"rendered":"<p>Par Najet Brahmi Zouaoui. Professeure \u00e0 la facult\u00e9 de Droit et des Sciences politiques de Tunis. Avocate pr\u00e8s la Cour de cassation. Secr\u00e9taire g\u00e9n\u00e9rale de l\u2019Alliance Internationale des Femmes Avocates pr\u00e8s de Gen\u00e8ve. 1- \u00ab Autres temps, autres m\u0153urs \u00bb(1). Et pastichant ce proverbe fran\u00e7ais, on dira autre r\u00e9alit\u00e9 sociale, autres r\u00e8gles de droit. Cette [&hellip;]<\/p>\n","protected":false},"author":1772,"featured_media":0,"comment_status":"closed","ping_status":"closed","sticky":false,"template":"","format":"standard","meta":{"fifu_image_url":"http:\/\/www.leaders.com.tn\/uploads\/content\/thumbnails_small\/1650121608_article.jpg","fifu_image_alt":"Le d\u00e9cret-pr\u00e9sidentiel n\u00b02022\/310 relatif au t\u00e9l\u00e9travail des agents de l\u2019Etat: R\u00e9alit\u00e9 et faisabilit\u00e9?","footnotes":""},"categories":[73,55],"tags":[],"class_list":["post-145660","post","type-post","status-publish","format-standard","hentry","category-actualite","category-tunisie"],"_links":{"self":[{"href":"https:\/\/linitiative.ca\/International\/wp-json\/wp\/v2\/posts\/145660","targetHints":{"allow":["GET"]}}],"collection":[{"href":"https:\/\/linitiative.ca\/International\/wp-json\/wp\/v2\/posts"}],"about":[{"href":"https:\/\/linitiative.ca\/International\/wp-json\/wp\/v2\/types\/post"}],"author":[{"embeddable":true,"href":"https:\/\/linitiative.ca\/International\/wp-json\/wp\/v2\/users\/1772"}],"replies":[{"embeddable":true,"href":"https:\/\/linitiative.ca\/International\/wp-json\/wp\/v2\/comments?post=145660"}],"version-history":[{"count":0,"href":"https:\/\/linitiative.ca\/International\/wp-json\/wp\/v2\/posts\/145660\/revisions"}],"wp:attachment":[{"href":"https:\/\/linitiative.ca\/International\/wp-json\/wp\/v2\/media?parent=145660"}],"wp:term":[{"taxonomy":"category","embeddable":true,"href":"https:\/\/linitiative.ca\/International\/wp-json\/wp\/v2\/categories?post=145660"},{"taxonomy":"post_tag","embeddable":true,"href":"https:\/\/linitiative.ca\/International\/wp-json\/wp\/v2\/tags?post=145660"}],"curies":[{"name":"wp","href":"https:\/\/api.w.org\/{rel}","templated":true}]}}