{"id":14567,"date":"2019-02-15T13:05:00","date_gmt":"2019-02-15T18:05:00","guid":{"rendered":"https:\/\/linitiative.ca\/International\/la-gendarmerie-rattachee-a-la-presidence-ou-linterieur\/"},"modified":"2019-02-15T13:05:00","modified_gmt":"2019-02-15T18:05:00","slug":"la-gendarmerie-rattachee-a-la-presidence-ou-linterieur","status":"publish","type":"post","link":"https:\/\/linitiative.ca\/International\/la-gendarmerie-rattachee-a-la-presidence-ou-linterieur\/","title":{"rendered":"La gendarmerie rattach\u00e9e \u00e0 la Pr\u00e9sidence ou l\u2019Int\u00e9rieur ?!"},"content":{"rendered":"<p><br id=\"sep_para_1\" class=\"sep_para access\"\/><\/p>\n<div id=\"para_1\" class=\"para_29237902 resize\">\n<div class=\"photo shadow left\"><a href=\"javascript:void(0)\" rel=\"https:\/\/www.reflexiondz.net\/photo\/art\/grande\/30760298-29237902.jpg?v=1550255036&#038;ibox\" title=\"La gendarmerie rattach\u00e9e \u00e0 la Pr\u00e9sidence ou l\u2019Int\u00e9rieur ?!\"><img decoding=\"async\" class=\"responsive c9\" src=\"https:\/\/www.reflexiondz.net\/photo\/art\/grande\/30760298-29237902.jpg?v=1550255036\" alt=\"La gendarmerie rattach\u00e9e \u00e0 la Pr\u00e9sidence ou l\u2019Int\u00e9rieur ?!\" title=\"La gendarmerie rattach\u00e9e \u00e0 la Pr\u00e9sidence ou l\u2019Int\u00e9rieur ?!\"\/><img decoding=\"async\" class=\"not-responsive\" src=\"https:\/\/www.reflexiondz.net\/photo\/art\/default\/30760298-29237902.jpg?v=1550255038\" alt=\"La gendarmerie rattach\u00e9e \u00e0 la Pr\u00e9sidence ou l\u2019Int\u00e9rieur ?!\" title=\"La gendarmerie rattach\u00e9e \u00e0 la Pr\u00e9sidence ou l\u2019Int\u00e9rieur ?!\"\/><\/a><\/div>\n<div class=\"texte access firstletter\">La Pr\u00e9sidence de la R\u00e9publique serait en train de pr\u00e9parer un nouveau projet qui devra revoir l\u2019ensemble du fonctionnement et de l\u2019organisation des services de s\u00e9curit\u00e9, a-t-on appris du site Alg\u00e9riePart. Selon la source, ce projet consiste \u00e0 r\u00e9diger une loi qui organise le rattachement de la gendarmerie nationale \u00e0 la pr\u00e9sidence de la R\u00e9publique ou le minist\u00e8re de l\u2019Int\u00e9rieur. Le Palais d\u2019El-Mouradia veut, en clair, selon la m\u00eame source, que la gendarmerie nationale ne fasse plus partie du minist\u00e8re de la D\u00e9fense nationale. L\u2019objectif serait de mettre en place un processus de rapprochement entre la police et la gendarmerie.\u00a0 La Pr\u00e9sidence s\u2019inspirerait de l\u2019exemple fran\u00e7ais o\u00f9 la gendarmerie a \u00e9t\u00e9 rattach\u00e9e au minist\u00e8re de l\u2019int\u00e9rieur depuis 2008. Toutefois, comme en France, les gendarmes alg\u00e9riens vont conserver leur statut militaire.<\/div>\n<\/div>\n<p>Auteur: R\u00e9flexion<br \/>\n<a href=\"https:\/\/www.reflexiondz.net\/La-gendarmerie-rattachee-a-la-Presidence-ou-l-Interieur-_a54526.html\">Cliquez ici pour lire l&rsquo;article depuis sa source.<\/a><\/p>\n","protected":false},"excerpt":{"rendered":"<p>La Pr\u00e9sidence de la R\u00e9publique serait en train de pr\u00e9parer un nouveau projet qui devra revoir l\u2019ensemble du fonctionnement et de l\u2019organisation des services de s\u00e9curit\u00e9, a-t-on appris du site Alg\u00e9riePart. Selon la source, ce projet consiste \u00e0 r\u00e9diger une loi qui organise le rattachement de la gendarmerie nationale \u00e0 la pr\u00e9sidence de la R\u00e9publique [&hellip;]<\/p>\n","protected":false},"author":1740,"featured_media":0,"comment_status":"closed","ping_status":"closed","sticky":false,"template":"","format":"standard","meta":{"fifu_image_url":"","fifu_image_alt":"","footnotes":""},"categories":[53,76],"tags":[],"class_list":["post-14567","post","type-post","status-publish","format-standard","hentry","category-algerie","category-regions"],"_links":{"self":[{"href":"https:\/\/linitiative.ca\/International\/wp-json\/wp\/v2\/posts\/14567","targetHints":{"allow":["GET"]}}],"collection":[{"href":"https:\/\/linitiative.ca\/International\/wp-json\/wp\/v2\/posts"}],"about":[{"href":"https:\/\/linitiative.ca\/International\/wp-json\/wp\/v2\/types\/post"}],"author":[{"embeddable":true,"href":"https:\/\/linitiative.ca\/International\/wp-json\/wp\/v2\/users\/1740"}],"replies":[{"embeddable":true,"href":"https:\/\/linitiative.ca\/International\/wp-json\/wp\/v2\/comments?post=14567"}],"version-history":[{"count":0,"href":"https:\/\/linitiative.ca\/International\/wp-json\/wp\/v2\/posts\/14567\/revisions"}],"wp:attachment":[{"href":"https:\/\/linitiative.ca\/International\/wp-json\/wp\/v2\/media?parent=14567"}],"wp:term":[{"taxonomy":"category","embeddable":true,"href":"https:\/\/linitiative.ca\/International\/wp-json\/wp\/v2\/categories?post=14567"},{"taxonomy":"post_tag","embeddable":true,"href":"https:\/\/linitiative.ca\/International\/wp-json\/wp\/v2\/tags?post=14567"}],"curies":[{"name":"wp","href":"https:\/\/api.w.org\/{rel}","templated":true}]}}