{"id":145671,"date":"2022-04-16T16:19:00","date_gmt":"2022-04-16T20:19:00","guid":{"rendered":"https:\/\/linitiative.ca\/International\/naufrage-du-cargo-xelo-au-large-de-gabes-le-wwf-appelle-la-tunisie-a-la-mise-a-jour-imminente-des-donnees\/"},"modified":"2022-04-16T16:19:00","modified_gmt":"2022-04-16T20:19:00","slug":"naufrage-du-cargo-xelo-au-large-de-gabes-le-wwf-appelle-la-tunisie-a-la-mise-a-jour-imminente-des-donnees","status":"publish","type":"post","link":"https:\/\/linitiative.ca\/International\/naufrage-du-cargo-xelo-au-large-de-gabes-le-wwf-appelle-la-tunisie-a-la-mise-a-jour-imminente-des-donnees\/","title":{"rendered":"Naufrage du cargo \u201cXelo\u201d au large de Gab\u00e8s : le WWF appelle la Tunisie \u00e0 la mise \u00e0 jour imminente des donn\u00e9es"},"content":{"rendered":"<div>\n<p>Le Fonds Mondial pour la Nature a appel\u00e9 \u00e0 la mise \u00e0 jour imminente des donn\u00e9es concernant les fuites r\u00e9sultant du naufrage du cargo commercial \u201cXelo\u201d et \u00e0 veiller \u00e0 ce que les marins et les exploitants de l\u2019espace marin soient inform\u00e9s de tous les d\u00e9veloppements. Dans un communiqu\u00e9 publi\u00e9 aujourd\u2019hui samedi, le Fonds a [\u2026]<\/p>\n<p>L\u2019article <a href=\"https:\/\/www.tunisienumerique.com\/naufrage-du-cargo-xelo-au-large-de-gabes-le-wwf-appelle-la-tunisie-a-la-mise-a-jour-imminente-des-donnees\/\">Naufrage du cargo \u201cXelo\u201d au large de Gab\u00e8s : le WWF appelle la Tunisie \u00e0 la mise \u00e0 jour imminente des donn\u00e9es<\/a> est apparu en premier sur <a href=\"https:\/\/www.tunisienumerique.com\/\">Tunisie<\/a>.<\/p>\n<\/div>\n<p>Auteur: rania ben slimane<br \/>\n<a href=\"https:\/\/www.tunisienumerique.com\/naufrage-du-cargo-xelo-au-large-de-gabes-le-wwf-appelle-la-tunisie-a-la-mise-a-jour-imminente-des-donnees\/\">Cliquez ici pour lire l&rsquo;article depuis sa source.<\/a><\/p>\n","protected":false},"excerpt":{"rendered":"<p>Le Fonds Mondial pour la Nature a appel\u00e9 \u00e0 la mise \u00e0 jour imminente des donn\u00e9es concernant les fuites r\u00e9sultant du naufrage du cargo commercial \u201cXelo\u201d et \u00e0 veiller \u00e0 ce que les marins et les exploitants de l\u2019espace marin soient inform\u00e9s de tous les d\u00e9veloppements. Dans un communiqu\u00e9 publi\u00e9 aujourd\u2019hui samedi, le Fonds a [&hellip;]<\/p>\n","protected":false},"author":1789,"featured_media":0,"comment_status":"closed","ping_status":"closed","sticky":false,"template":"","format":"standard","meta":{"fifu_image_url":"","fifu_image_alt":"","footnotes":""},"categories":[73,55],"tags":[],"class_list":["post-145671","post","type-post","status-publish","format-standard","hentry","category-actualite","category-tunisie"],"_links":{"self":[{"href":"https:\/\/linitiative.ca\/International\/wp-json\/wp\/v2\/posts\/145671","targetHints":{"allow":["GET"]}}],"collection":[{"href":"https:\/\/linitiative.ca\/International\/wp-json\/wp\/v2\/posts"}],"about":[{"href":"https:\/\/linitiative.ca\/International\/wp-json\/wp\/v2\/types\/post"}],"author":[{"embeddable":true,"href":"https:\/\/linitiative.ca\/International\/wp-json\/wp\/v2\/users\/1789"}],"replies":[{"embeddable":true,"href":"https:\/\/linitiative.ca\/International\/wp-json\/wp\/v2\/comments?post=145671"}],"version-history":[{"count":0,"href":"https:\/\/linitiative.ca\/International\/wp-json\/wp\/v2\/posts\/145671\/revisions"}],"wp:attachment":[{"href":"https:\/\/linitiative.ca\/International\/wp-json\/wp\/v2\/media?parent=145671"}],"wp:term":[{"taxonomy":"category","embeddable":true,"href":"https:\/\/linitiative.ca\/International\/wp-json\/wp\/v2\/categories?post=145671"},{"taxonomy":"post_tag","embeddable":true,"href":"https:\/\/linitiative.ca\/International\/wp-json\/wp\/v2\/tags?post=145671"}],"curies":[{"name":"wp","href":"https:\/\/api.w.org\/{rel}","templated":true}]}}