{"id":145673,"date":"2022-04-16T16:28:51","date_gmt":"2022-04-16T20:28:51","guid":{"rendered":"https:\/\/linitiative.ca\/International\/tunisie-kasserine-photos-levee-de-15-infractions-economiques-et-saisie-dune-quantite-de-bananes\/"},"modified":"2022-04-16T16:28:51","modified_gmt":"2022-04-16T20:28:51","slug":"tunisie-kasserine-photos-levee-de-15-infractions-economiques-et-saisie-dune-quantite-de-bananes","status":"publish","type":"post","link":"https:\/\/linitiative.ca\/International\/tunisie-kasserine-photos-levee-de-15-infractions-economiques-et-saisie-dune-quantite-de-bananes\/","title":{"rendered":"Tunisie-Kasserine [PHOTOS] : Lev\u00e9e de 15 infractions \u00e9conomiques et saisie d\u2019une quantit\u00e9 de bananes"},"content":{"rendered":"<div>\n<p>Une campagne de contr\u00f4le \u00e9conomique \u00e0 Kasserine a abouti ce samedi 16 avril 2022, \u00e0 la lev\u00e9e de 15 infractions \u00e9conomiques. 10 infractions \u00e9conomiques \u00e9taient li\u00e9es \u00e0 la hausse des prix, 4 li\u00e9es \u00e0 la non-possession de factures d\u2019achat, et une infraction pour d\u00e9tention de stocks en vue de les revendre sans respecter les conditions [\u2026]<\/p>\n<p>L\u2019article <a href=\"https:\/\/www.tunisienumerique.com\/tunisie-kasserine-photos-levee-de-15-infractions-economiques-et-saisie-dune-quantite-de-bananes\/\">Tunisie-Kasserine [PHOTOS] : Lev\u00e9e de 15 infractions \u00e9conomiques et saisie d\u2019une quantit\u00e9 de bananes<\/a> est apparu en premier sur <a href=\"https:\/\/www.tunisienumerique.com\/\">Tunisie<\/a>.<\/p>\n<\/div>\n<p>Auteur: rania ben slimane<br \/>\n<a href=\"https:\/\/www.tunisienumerique.com\/tunisie-kasserine-photos-levee-de-15-infractions-economiques-et-saisie-dune-quantite-de-bananes\/\">Cliquez ici pour lire l&rsquo;article depuis sa source.<\/a><\/p>\n","protected":false},"excerpt":{"rendered":"<p>Une campagne de contr\u00f4le \u00e9conomique \u00e0 Kasserine a abouti ce samedi 16 avril 2022, \u00e0 la lev\u00e9e de 15 infractions \u00e9conomiques. 10 infractions \u00e9conomiques \u00e9taient li\u00e9es \u00e0 la hausse des prix, 4 li\u00e9es \u00e0 la non-possession de factures d\u2019achat, et une infraction pour d\u00e9tention de stocks en vue de les revendre sans respecter les conditions [&hellip;]<\/p>\n","protected":false},"author":1789,"featured_media":0,"comment_status":"closed","ping_status":"closed","sticky":false,"template":"","format":"standard","meta":{"fifu_image_url":"","fifu_image_alt":"","footnotes":""},"categories":[73,55],"tags":[],"class_list":["post-145673","post","type-post","status-publish","format-standard","hentry","category-actualite","category-tunisie"],"_links":{"self":[{"href":"https:\/\/linitiative.ca\/International\/wp-json\/wp\/v2\/posts\/145673","targetHints":{"allow":["GET"]}}],"collection":[{"href":"https:\/\/linitiative.ca\/International\/wp-json\/wp\/v2\/posts"}],"about":[{"href":"https:\/\/linitiative.ca\/International\/wp-json\/wp\/v2\/types\/post"}],"author":[{"embeddable":true,"href":"https:\/\/linitiative.ca\/International\/wp-json\/wp\/v2\/users\/1789"}],"replies":[{"embeddable":true,"href":"https:\/\/linitiative.ca\/International\/wp-json\/wp\/v2\/comments?post=145673"}],"version-history":[{"count":0,"href":"https:\/\/linitiative.ca\/International\/wp-json\/wp\/v2\/posts\/145673\/revisions"}],"wp:attachment":[{"href":"https:\/\/linitiative.ca\/International\/wp-json\/wp\/v2\/media?parent=145673"}],"wp:term":[{"taxonomy":"category","embeddable":true,"href":"https:\/\/linitiative.ca\/International\/wp-json\/wp\/v2\/categories?post=145673"},{"taxonomy":"post_tag","embeddable":true,"href":"https:\/\/linitiative.ca\/International\/wp-json\/wp\/v2\/tags?post=145673"}],"curies":[{"name":"wp","href":"https:\/\/api.w.org\/{rel}","templated":true}]}}