{"id":145676,"date":"2022-04-16T07:56:06","date_gmt":"2022-04-16T11:56:06","guid":{"rendered":"https:\/\/linitiative.ca\/International\/incendie-au-marche-de-kaya-des-boutiques-parties-en-fumee\/"},"modified":"2022-04-16T07:56:06","modified_gmt":"2022-04-16T11:56:06","slug":"incendie-au-marche-de-kaya-des-boutiques-parties-en-fumee","status":"publish","type":"post","link":"https:\/\/linitiative.ca\/International\/incendie-au-marche-de-kaya-des-boutiques-parties-en-fumee\/","title":{"rendered":"Incendie au march\u00e9 de Kaya:  Des boutiques parties en fum\u00e9e"},"content":{"rendered":"<div>\n<p><b>Sanmatenga: Un incendie survenu au march\u00e9 central de Kaya tr\u00e8s t\u00f4t ce samedi 16 avril 2022, aux environs de 2 heures du matin, a fait des d\u00e9g\u00e2ts mat\u00e9riels.<\/b><\/p>\n<p><b> <\/b>Selon des sources locales, l\u2019 incendie a commenc\u00e9 \u00e0 l\u2019 int\u00e9rieur du march\u00e9 et a progressivement consum\u00e9 des boutiques environnants. Une \u00e9tincelle de feu sur un c\u00e2ble \u00e9lectrique en serait \u00e0\u00a0 l\u2019origine. \u00a0Les informations font \u00e9tat d\u2019 au moins 6 boutiques br\u00fbl\u00e9es. En attendant un bilan officiel, l\u2019 incendie a pu \u00eatre\u00a0 ma\u00eetris\u00e9 avec la promptitude des sapeurs- pompiers.<\/p>\n<p>L\u2019article <a rel=\"nofollow\" href=\"https:\/\/www.sidwaya.info\/blog\/2022\/04\/16\/incendie-au-marche-de-kaya-des-boutiques-parties-en-fumee\/\">Incendie au march\u00e9 de Kaya:  Des boutiques parties en fum\u00e9e<\/a> est apparu en premier sur <a rel=\"nofollow\" href=\"https:\/\/www.sidwaya.info\/\">Quotidien Sidwaya<\/a>.<\/p>\n<\/div>\n<p>Auteur: BANGRE SIDWAYA<br \/>\n<a href=\"https:\/\/www.sidwaya.info\/blog\/2022\/04\/16\/incendie-au-marche-de-kaya-des-boutiques-parties-en-fumee\/?utm_source=rss&#038;utm_medium=rss&#038;utm_campaign=incendie-au-marche-de-kaya-des-boutiques-parties-en-fumee\">Cliquez ici pour lire l&rsquo;article depuis sa source.<\/a><\/p>\n","protected":false},"excerpt":{"rendered":"<p>Sanmatenga: Un incendie survenu au march\u00e9 central de Kaya tr\u00e8s t\u00f4t ce samedi 16 avril 2022, aux environs de 2 heures du matin, a fait des d\u00e9g\u00e2ts mat\u00e9riels. Selon des sources locales, l\u2019 incendie a commenc\u00e9 \u00e0 l\u2019 int\u00e9rieur du march\u00e9 et a progressivement consum\u00e9 des boutiques environnants. Une \u00e9tincelle de feu sur un c\u00e2ble [&hellip;]<\/p>\n","protected":false},"author":1816,"featured_media":0,"comment_status":"closed","ping_status":"closed","sticky":false,"template":"","format":"standard","meta":{"fifu_image_url":"","fifu_image_alt":"","footnotes":""},"categories":[73,81],"tags":[],"class_list":["post-145676","post","type-post","status-publish","format-standard","hentry","category-actualite","category-burkina-faso"],"_links":{"self":[{"href":"https:\/\/linitiative.ca\/International\/wp-json\/wp\/v2\/posts\/145676","targetHints":{"allow":["GET"]}}],"collection":[{"href":"https:\/\/linitiative.ca\/International\/wp-json\/wp\/v2\/posts"}],"about":[{"href":"https:\/\/linitiative.ca\/International\/wp-json\/wp\/v2\/types\/post"}],"author":[{"embeddable":true,"href":"https:\/\/linitiative.ca\/International\/wp-json\/wp\/v2\/users\/1816"}],"replies":[{"embeddable":true,"href":"https:\/\/linitiative.ca\/International\/wp-json\/wp\/v2\/comments?post=145676"}],"version-history":[{"count":0,"href":"https:\/\/linitiative.ca\/International\/wp-json\/wp\/v2\/posts\/145676\/revisions"}],"wp:attachment":[{"href":"https:\/\/linitiative.ca\/International\/wp-json\/wp\/v2\/media?parent=145676"}],"wp:term":[{"taxonomy":"category","embeddable":true,"href":"https:\/\/linitiative.ca\/International\/wp-json\/wp\/v2\/categories?post=145676"},{"taxonomy":"post_tag","embeddable":true,"href":"https:\/\/linitiative.ca\/International\/wp-json\/wp\/v2\/tags?post=145676"}],"curies":[{"name":"wp","href":"https:\/\/api.w.org\/{rel}","templated":true}]}}