{"id":145677,"date":"2022-04-16T08:56:22","date_gmt":"2022-04-16T12:56:22","guid":{"rendered":"https:\/\/linitiative.ca\/International\/flambee-des-prix-dans-la-komondjari-plus-de-150-de-hausse-des-prix-des-cereales\/"},"modified":"2022-04-16T08:56:22","modified_gmt":"2022-04-16T12:56:22","slug":"flambee-des-prix-dans-la-komondjari-plus-de-150-de-hausse-des-prix-des-cereales","status":"publish","type":"post","link":"https:\/\/linitiative.ca\/International\/flambee-des-prix-dans-la-komondjari-plus-de-150-de-hausse-des-prix-des-cereales\/","title":{"rendered":"Flamb\u00e9e des prix dans la Komondjari : Plus de 150% de hausse des prix des c\u00e9r\u00e9ales"},"content":{"rendered":"<div>\n<div class=\"kvgmc6g5 cxmmr5t8 oygrvhab hcukyx3x c1et5uql ii04i59q\">\n<div dir=\"auto\">Selon l\u2019<a class=\"oajrlxb2 g5ia77u1 qu0x051f esr5mh6w e9989ue4 r7d6kgcz rq0escxv nhd2j8a9 nc684nl6 p7hjln8o kvgmc6g5 cxmmr5t8 oygrvhab hcukyx3x jb3vyjys rz4wbd8a qt6c0cv9 a8nywdso i1ao9s8h esuyzwwr f1sip0of lzcic4wl gpro0wi8 q66pz984 b1v8xokw\" role=\"link\" href=\"https:\/\/www.facebook.com\/hashtag\/agence_d_information_du_burkina?__eep__=6&amp;__cft__%5B0%5D=AZV7tdB-VNwEzEUvnyPDhV-QYIUVNZGa1e6gYeWXHImssTi033Q83YU9bN47fF8oF-r-F6RpTPl135ccTLwjUXxICPnV-Pwx4lCJejITXFx1i7aA1ttAbRAMaj4TtPS-wu5mtdTsG39V4zDR77Eqk4_4biKv0hDx484Z8hhNc-4djKI6tWXCOOXNBHx-s2NAnjQ&amp;__tn__=*NK-R\">Agence d\u2019information_du_Burkina<\/a> (<a class=\"oajrlxb2 g5ia77u1 qu0x051f esr5mh6w e9989ue4 r7d6kgcz rq0escxv nhd2j8a9 nc684nl6 p7hjln8o kvgmc6g5 cxmmr5t8 oygrvhab hcukyx3x jb3vyjys rz4wbd8a qt6c0cv9 a8nywdso i1ao9s8h esuyzwwr f1sip0of lzcic4wl gpro0wi8 q66pz984 b1v8xokw\" role=\"link\" href=\"https:\/\/www.facebook.com\/hashtag\/aib?__eep__=6&amp;__cft__%5B0%5D=AZV7tdB-VNwEzEUvnyPDhV-QYIUVNZGa1e6gYeWXHImssTi033Q83YU9bN47fF8oF-r-F6RpTPl135ccTLwjUXxICPnV-Pwx4lCJejITXFx1i7aA1ttAbRAMaj4TtPS-wu5mtdTsG39V4zDR77Eqk4_4biKv0hDx484Z8hhNc-4djKI6tWXCOOXNBHx-s2NAnjQ&amp;__tn__=*NK-R\">AIB<\/a>), les prix des c\u00e9r\u00e9ales connaissent une augmentation \u00e0 plus de 150 % de leurs niveaux de l\u2019ann\u00e9e pass\u00e9e \u00e0 la m\u00eame p\u00e9riode dans la province de la <a class=\"oajrlxb2 g5ia77u1 qu0x051f esr5mh6w e9989ue4 r7d6kgcz rq0escxv nhd2j8a9 nc684nl6 p7hjln8o kvgmc6g5 cxmmr5t8 oygrvhab hcukyx3x jb3vyjys rz4wbd8a qt6c0cv9 a8nywdso i1ao9s8h esuyzwwr f1sip0of lzcic4wl gpro0wi8 q66pz984 b1v8xokw\" role=\"link\" href=\"https:\/\/www.facebook.com\/hashtag\/komondjari?__eep__=6&amp;__cft__%5B0%5D=AZV7tdB-VNwEzEUvnyPDhV-QYIUVNZGa1e6gYeWXHImssTi033Q83YU9bN47fF8oF-r-F6RpTPl135ccTLwjUXxICPnV-Pwx4lCJejITXFx1i7aA1ttAbRAMaj4TtPS-wu5mtdTsG39V4zDR77Eqk4_4biKv0hDx484Z8hhNc-4djKI6tWXCOOXNBHx-s2NAnjQ&amp;__tn__=*NK-R\">Komondjari<\/a>.<\/div>\n<div dir=\"auto\"><\/div>\n<\/div>\n<div class=\"cxmmr5t8 oygrvhab hcukyx3x c1et5uql o9v6fnle ii04i59q\">\n<div dir=\"auto\">A titre d\u2019exemple, la bo\u00eete de tomate de Sorgho (2,2Kg) se n\u00e9gocie \u00e0 600 FCFA, les 60 boites (100kg) se vendent \u00e0 36 000 FCFA, \u00e0 la date du 12 avril 2022 sur le march\u00e9 de Gay\u00e9ri. Pourtant, l\u2019ann\u00e9e pass\u00e9e \u00e0 la m\u00eame p\u00e9riode, la bo\u00eete co\u00fbtait 350 F et les 100 kg \u00e9taient vendus \u00e0 15 000FCFA.<\/div>\n<div dir=\"auto\"><\/div>\n<\/div>\n<div class=\"cxmmr5t8 oygrvhab hcukyx3x c1et5uql o9v6fnle ii04i59q\">\n<div dir=\"auto\">Idem pour le petit mil dont la boite de tomate co\u00fbte cette ann\u00e9e 700 FCFA et les 100 kg 42 000 FCFA alors que ces m\u00eames quantit\u00e9s se vendaient respectivement \u00e0 400 FCFA et 24 000 FCFA l\u2019ann\u00e9e derni\u00e8re.<\/div>\n<div dir=\"auto\"><\/div>\n<\/div>\n<div class=\"cxmmr5t8 oygrvhab hcukyx3x c1et5uql o9v6fnle ii04i59q\">\n<div dir=\"auto\">La m\u00eame fulgurance s\u2019enregistre pour le haricot dont la boite de tomate et les 100 kg s\u2019ach\u00e8tent \u00e0 1 200 FCFA et 72 000 FCFA, comparativement \u00e0 l\u2019ann\u00e9e \u00e9coul\u00e9e o\u00f9 les m\u00eames quantit\u00e9s se n\u00e9gociaient respectivement \u00e0 700 et 42 000 FCFA.<\/div>\n<div dir=\"auto\"><\/div>\n<\/div>\n<div class=\"cxmmr5t8 oygrvhab hcukyx3x c1et5uql o9v6fnle ii04i59q\">\n<div dir=\"auto\">Pour juguler la <a class=\"oajrlxb2 g5ia77u1 qu0x051f esr5mh6w e9989ue4 r7d6kgcz rq0escxv nhd2j8a9 nc684nl6 p7hjln8o kvgmc6g5 cxmmr5t8 oygrvhab hcukyx3x jb3vyjys rz4wbd8a qt6c0cv9 a8nywdso i1ao9s8h esuyzwwr f1sip0of lzcic4wl gpro0wi8 q66pz984 b1v8xokw\" role=\"link\" href=\"https:\/\/www.facebook.com\/hashtag\/hausse_des_prix?__eep__=6&amp;__cft__%5B0%5D=AZV7tdB-VNwEzEUvnyPDhV-QYIUVNZGa1e6gYeWXHImssTi033Q83YU9bN47fF8oF-r-F6RpTPl135ccTLwjUXxICPnV-Pwx4lCJejITXFx1i7aA1ttAbRAMaj4TtPS-wu5mtdTsG39V4zDR77Eqk4_4biKv0hDx484Z8hhNc-4djKI6tWXCOOXNBHx-s2NAnjQ&amp;__tn__=*NK-R\">#hausse_des_prix<\/a>, le ministre en charge du commerce, <a class=\"oajrlxb2 g5ia77u1 qu0x051f esr5mh6w e9989ue4 r7d6kgcz rq0escxv nhd2j8a9 nc684nl6 p7hjln8o kvgmc6g5 cxmmr5t8 oygrvhab hcukyx3x jb3vyjys rz4wbd8a qt6c0cv9 a8nywdso i1ao9s8h esuyzwwr f1sip0of lzcic4wl gpro0wi8 q66pz984 b1v8xokw\" role=\"link\" href=\"https:\/\/www.facebook.com\/hashtag\/abdoulaye_tall?__eep__=6&amp;__cft__%5B0%5D=AZV7tdB-VNwEzEUvnyPDhV-QYIUVNZGa1e6gYeWXHImssTi033Q83YU9bN47fF8oF-r-F6RpTPl135ccTLwjUXxICPnV-Pwx4lCJejITXFx1i7aA1ttAbRAMaj4TtPS-wu5mtdTsG39V4zDR77Eqk4_4biKv0hDx484Z8hhNc-4djKI6tWXCOOXNBHx-s2NAnjQ&amp;__tn__=*NK-R\">#Abdoulaye_Tall<\/a>, avait annonc\u00e9 lundi l\u2019ouverture de boutiques t\u00e9moins et la vente de c\u00e9r\u00e9ales \u00e0 prix social aux personnes d\u00e9munies.<\/div>\n<div dir=\"auto\"><\/div>\n<\/div>\n<div class=\"cxmmr5t8 oygrvhab hcukyx3x c1et5uql o9v6fnle ii04i59q\">\n<div dir=\"auto\">Lire l\u2019article de l\u2019AIB en cliquant sur le lien suivant : <a class=\"oajrlxb2 g5ia77u1 qu0x051f esr5mh6w e9989ue4 r7d6kgcz rq0escxv nhd2j8a9 nc684nl6 p7hjln8o kvgmc6g5 cxmmr5t8 oygrvhab hcukyx3x jb3vyjys rz4wbd8a qt6c0cv9 a8nywdso i1ao9s8h esuyzwwr f1sip0of lzcic4wl gpro0wi8 py34i1dx\" role=\"link\" href=\"https:\/\/www.aib.media\/2022\/04\/15\/komondjari-les-prix-des-cereales-ont-fortement-augmente\/?fbclid=IwAR0PIkNN53uSAI3T7dVdXOQfyON7JnejEfSZPkmE-FU3AA4tQN_7EDq39tU\" target=\"_blank\" rel=\"nofollow noopener\">https:\/\/www.aib.media\/\u2026\/komondjari-les-prix-des\u2026\/<\/a><\/div>\n<\/div>\n<div dir=\"auto\"><\/div>\n<div dir=\"auto\" style=\"text-align: right\">Sidwaya.info<\/div>\n<p>L\u2019article <a rel=\"nofollow\" href=\"https:\/\/www.sidwaya.info\/blog\/2022\/04\/16\/flambee-des-prix-dans-la-komondjari-plus-de-150-de-hausse-des-prix-des-cereales\/\">Flamb\u00e9e des prix dans la Komondjari : Plus de 150% de hausse des prix des c\u00e9r\u00e9ales<\/a> est apparu en premier sur <a rel=\"nofollow\" href=\"https:\/\/www.sidwaya.info\/\">Quotidien Sidwaya<\/a>.<\/p>\n<\/div>\n<p>Auteur: Wamini SIDWAYA<br \/>\n<a href=\"https:\/\/www.sidwaya.info\/blog\/2022\/04\/16\/flambee-des-prix-dans-la-komondjari-plus-de-150-de-hausse-des-prix-des-cereales\/?utm_source=rss&#038;utm_medium=rss&#038;utm_campaign=flambee-des-prix-dans-la-komondjari-plus-de-150-de-hausse-des-prix-des-cereales\">Cliquez ici pour lire l&rsquo;article depuis sa source.<\/a><\/p>\n","protected":false},"excerpt":{"rendered":"<p>Selon l\u2019Agence d\u2019information_du_Burkina (AIB), les prix des c\u00e9r\u00e9ales connaissent une augmentation \u00e0 plus de 150 % de leurs niveaux de l\u2019ann\u00e9e pass\u00e9e \u00e0 la m\u00eame p\u00e9riode dans la province de la Komondjari. A titre d\u2019exemple, la bo\u00eete de tomate de Sorgho (2,2Kg) se n\u00e9gocie \u00e0 600 FCFA, les 60 boites (100kg) se vendent \u00e0 36 [&hellip;]<\/p>\n","protected":false},"author":1816,"featured_media":0,"comment_status":"closed","ping_status":"closed","sticky":false,"template":"","format":"standard","meta":{"fifu_image_url":"","fifu_image_alt":"","footnotes":""},"categories":[73,81],"tags":[],"class_list":["post-145677","post","type-post","status-publish","format-standard","hentry","category-actualite","category-burkina-faso"],"_links":{"self":[{"href":"https:\/\/linitiative.ca\/International\/wp-json\/wp\/v2\/posts\/145677","targetHints":{"allow":["GET"]}}],"collection":[{"href":"https:\/\/linitiative.ca\/International\/wp-json\/wp\/v2\/posts"}],"about":[{"href":"https:\/\/linitiative.ca\/International\/wp-json\/wp\/v2\/types\/post"}],"author":[{"embeddable":true,"href":"https:\/\/linitiative.ca\/International\/wp-json\/wp\/v2\/users\/1816"}],"replies":[{"embeddable":true,"href":"https:\/\/linitiative.ca\/International\/wp-json\/wp\/v2\/comments?post=145677"}],"version-history":[{"count":0,"href":"https:\/\/linitiative.ca\/International\/wp-json\/wp\/v2\/posts\/145677\/revisions"}],"wp:attachment":[{"href":"https:\/\/linitiative.ca\/International\/wp-json\/wp\/v2\/media?parent=145677"}],"wp:term":[{"taxonomy":"category","embeddable":true,"href":"https:\/\/linitiative.ca\/International\/wp-json\/wp\/v2\/categories?post=145677"},{"taxonomy":"post_tag","embeddable":true,"href":"https:\/\/linitiative.ca\/International\/wp-json\/wp\/v2\/tags?post=145677"}],"curies":[{"name":"wp","href":"https:\/\/api.w.org\/{rel}","templated":true}]}}