{"id":145678,"date":"2022-04-16T10:26:34","date_gmt":"2022-04-16T14:26:34","guid":{"rendered":"https:\/\/linitiative.ca\/International\/election-a-la-fif-3-candidatures-validees-dont-celle-de-didier-drogba\/"},"modified":"2022-04-16T10:26:34","modified_gmt":"2022-04-16T14:26:34","slug":"election-a-la-fif-3-candidatures-validees-dont-celle-de-didier-drogba","status":"publish","type":"post","link":"https:\/\/linitiative.ca\/International\/election-a-la-fif-3-candidatures-validees-dont-celle-de-didier-drogba\/","title":{"rendered":"Election \u00e0 la FIF\u00a0: 3 candidatures valid\u00e9es dont celle de Didier Drogba"},"content":{"rendered":"<div>\n<p>Apr\u00e8s de multiples blocages et des tensions entre des ex-co\u00e9quipiers de l\u2019\u00e9quipe nationale de football de C\u00f4te d\u2019Ivoire, le processus de d\u00e9signation du futur pr\u00e9sident de la F\u00e9d\u00e9ration ivoirienne de football (FIF) est maintenant bien lanc\u00e9 avec la r\u00e9ception par la Commission \u00e9lectorale de six candidatures. Au final, les candidats retenus par la Commission sont Idriss Diallo, Didier Drogba et Sory Diabat\u00e9. Les \u00a0\u00e9lections \u00e0 la F\u00e9d\u00e9ration Ivoirienne de Football sont pr\u00e9vues pour le 23 avril 2022 \u00e0 Yamoussoukro, la capitale politique ivoirienne. Seront \u00e9lus ce jour-l\u00e0 le pr\u00e9sident de la FIF, le pr\u00e9sident, le vice-pr\u00e9sident et des membres de la commission de Gouvernance, d\u2019audit et de conformit\u00e9.<\/p>\n<p><strong>AK<\/strong><\/p>\n<p><strong>(Source\u00a0: FIF)<\/strong><\/p>\n<p>L\u2019article <a rel=\"nofollow\" href=\"https:\/\/www.sidwaya.info\/blog\/2022\/04\/16\/election-a-la-fif-3-candidatures-validees-dont-celle-de-didier-drogba\/\">Election \u00e0 la FIF\u00a0: 3 candidatures valid\u00e9es dont celle de Didier Drogba<\/a> est apparu en premier sur <a rel=\"nofollow\" href=\"https:\/\/www.sidwaya.info\/\">Quotidien Sidwaya<\/a>.<\/p>\n<\/div>\n<p>Auteur: Wamini SIDWAYA<br \/>\n<a href=\"https:\/\/www.sidwaya.info\/blog\/2022\/04\/16\/election-a-la-fif-3-candidatures-validees-dont-celle-de-didier-drogba\/?utm_source=rss&#038;utm_medium=rss&#038;utm_campaign=election-a-la-fif-3-candidatures-validees-dont-celle-de-didier-drogba\">Cliquez ici pour lire l&rsquo;article depuis sa source.<\/a><\/p>\n","protected":false},"excerpt":{"rendered":"<p>Apr\u00e8s de multiples blocages et des tensions entre des ex-co\u00e9quipiers de l\u2019\u00e9quipe nationale de football de C\u00f4te d\u2019Ivoire, le processus de d\u00e9signation du futur pr\u00e9sident de la F\u00e9d\u00e9ration ivoirienne de football (FIF) est maintenant bien lanc\u00e9 avec la r\u00e9ception par la Commission \u00e9lectorale de six candidatures. Au final, les candidats retenus par la Commission sont [&hellip;]<\/p>\n","protected":false},"author":1816,"featured_media":0,"comment_status":"closed","ping_status":"closed","sticky":false,"template":"","format":"standard","meta":{"fifu_image_url":"","fifu_image_alt":"","footnotes":""},"categories":[73,81],"tags":[],"class_list":["post-145678","post","type-post","status-publish","format-standard","hentry","category-actualite","category-burkina-faso"],"_links":{"self":[{"href":"https:\/\/linitiative.ca\/International\/wp-json\/wp\/v2\/posts\/145678","targetHints":{"allow":["GET"]}}],"collection":[{"href":"https:\/\/linitiative.ca\/International\/wp-json\/wp\/v2\/posts"}],"about":[{"href":"https:\/\/linitiative.ca\/International\/wp-json\/wp\/v2\/types\/post"}],"author":[{"embeddable":true,"href":"https:\/\/linitiative.ca\/International\/wp-json\/wp\/v2\/users\/1816"}],"replies":[{"embeddable":true,"href":"https:\/\/linitiative.ca\/International\/wp-json\/wp\/v2\/comments?post=145678"}],"version-history":[{"count":0,"href":"https:\/\/linitiative.ca\/International\/wp-json\/wp\/v2\/posts\/145678\/revisions"}],"wp:attachment":[{"href":"https:\/\/linitiative.ca\/International\/wp-json\/wp\/v2\/media?parent=145678"}],"wp:term":[{"taxonomy":"category","embeddable":true,"href":"https:\/\/linitiative.ca\/International\/wp-json\/wp\/v2\/categories?post=145678"},{"taxonomy":"post_tag","embeddable":true,"href":"https:\/\/linitiative.ca\/International\/wp-json\/wp\/v2\/tags?post=145678"}],"curies":[{"name":"wp","href":"https:\/\/api.w.org\/{rel}","templated":true}]}}