{"id":145679,"date":"2022-04-15T20:18:02","date_gmt":"2022-04-16T00:18:02","guid":{"rendered":"https:\/\/linitiative.ca\/International\/le-maroc-pour-une-approche-multidimensionnelle-de-paix-de-securite-et-de-developpement-en-afrique\/"},"modified":"2022-04-15T20:18:02","modified_gmt":"2022-04-16T00:18:02","slug":"le-maroc-pour-une-approche-multidimensionnelle-de-paix-de-securite-et-de-developpement-en-afrique","status":"publish","type":"post","link":"https:\/\/linitiative.ca\/International\/le-maroc-pour-une-approche-multidimensionnelle-de-paix-de-securite-et-de-developpement-en-afrique\/","title":{"rendered":"Le Maroc pour une approche multidimensionnelle de paix, de s\u00e9curit\u00e9 et de d\u00e9veloppement en Afrique"},"content":{"rendered":"<div>\n<p><img decoding=\"async\" width=\"687\" height=\"459\" src=\"https:\/\/linitiative.ca\/International\/wp-content\/uploads\/sites\/23\/2022\/04\/16500682838696.jpg\" class=\"attachment-post-thumbnail size-post-thumbnail wp-post-image\" alt=\"\" loading=\"lazy\" srcset=\"https:\/\/linitiative.ca\/International\/wp-content\/uploads\/sites\/23\/2022\/04\/16500682838696.jpg 687w, https:\/\/www.journalducameroun.com\/wp-content\/uploads\/2022\/04\/16500682838696-300x200.jpg 300w, https:\/\/www.journalducameroun.com\/wp-content\/uploads\/2022\/04\/16500682838696-659x440.jpg 659w, https:\/\/www.journalducameroun.com\/wp-content\/uploads\/2022\/04\/16500682838696-600x401.jpg 600w\" sizes=\"auto, (max-width: 687px) 100vw, 687px\"><\/p>\n<p>Le Maroc a r\u00e9it\u00e9r\u00e9 devant le Conseil de Paix et de S\u00e9curit\u00e9 (CPS) de l&rsquo;Union africaine (UA) \u00e0 Addis-Abeba, l&rsquo;importance de l&rsquo;approche multidimensionnelle de paix, s\u00e9curit\u00e9 et d\u00e9veloppement dans l&rsquo;accompagnement des pays africains en transition politiqueL&rsquo;Ambassadeur Repr\u00e9sentant Permanent du Royaume aupr\u00e8s de l&rsquo;UA et de la CEA-ONU, Mohamed Arrouchi, qui intervenait lors de la r\u00e9union du CPS de l&rsquo;UA consacr\u00e9e \u00e0 l&rsquo;examen du processus de la transition politique au Burkina faso, au Tchad, en Guin\u00e9e, au Mali et au Soudan, a soulign\u00e9 l&rsquo;imp\u00e9ratif d&rsquo;une approche multidimensionnelle ax\u00e9e sur le nexus paix, s\u00e9curit\u00e9 et d\u00e9veloppement tout en tenant compte du grand nombre de la population de ces pays fr\u00e8res et l&rsquo;impact sur leurs conditions de vie notamment les jeunes qui en constituent le quart.<\/p>\n<p>\tLe diplomate qui conduit la d\u00e9l\u00e9gation marocaine, a soulign\u00e9 la n\u00e9cessit\u00e9 d&rsquo;explorer les meilleurs voies et moyens pour accompagner ces pays amis et fr\u00e8res dans leur processus de transition politique tout en leur assurant l&rsquo;aide n\u00e9cessaire susceptibles de leur garantir la paix et la s\u00e9curit\u00e9 et leur d\u00e9veloppement.<\/p>\n<p>\tA cet \u00e9gard, la d\u00e9l\u00e9gation marocaine a sugg\u00e9r\u00e9 l&rsquo;\u00e9tablissement d&rsquo;un diagnostic exhaustif pour d\u00e9terminer la r\u00e9alit\u00e9 politique, social et \u00e9conomique sur le terrain susceptible de permettre l&rsquo;adoption d&rsquo;une approche op\u00e9rationnelle orient\u00e9e vers l&rsquo;action.<\/p>\n<p>\tLa d\u00e9l\u00e9gation marocaine a \u00e9galement appel\u00e9 \u00e0 l&rsquo;implication des autres d\u00e9partements de la Commission de l&rsquo;Union africaine charg\u00e9s des secteurs de la sant\u00e9, de l&rsquo;infrastructure et de l&rsquo;\u00e9ducation pour aider ces pays sur le plan socio-\u00e9conomique et leur assurer une transition politique solide et durable.<\/p>\n<p>Cet article <a rel=\"nofollow\" href=\"https:\/\/www.journalducameroun.com\/le-maroc-pour-une-approche-multidimensionnelle-de-paix-de-securite-et-de-developpement-en-afrique\/\">Le Maroc pour une approche multidimensionnelle de paix, de s\u00e9curit\u00e9 et de d\u00e9veloppement en Afrique<\/a> est apparu en premier sur <a rel=\"nofollow\" href=\"https:\/\/www.journalducameroun.com\/\">Journal du Cameroun<\/a>.<\/p>\n<\/div>\n<p>Auteur: APA News<br \/>\n<a href=\"https:\/\/www.journalducameroun.com\/le-maroc-pour-une-approche-multidimensionnelle-de-paix-de-securite-et-de-developpement-en-afrique\/\">Cliquez ici pour lire l&rsquo;article depuis sa source.<\/a><\/p>\n","protected":false},"excerpt":{"rendered":"<p>Le Maroc a r\u00e9it\u00e9r\u00e9 devant le Conseil de Paix et de S\u00e9curit\u00e9 (CPS) de l&rsquo;Union africaine (UA) \u00e0 Addis-Abeba, l&rsquo;importance de l&rsquo;approche multidimensionnelle de paix, s\u00e9curit\u00e9 et d\u00e9veloppement dans l&rsquo;accompagnement des pays africains en transition politiqueL&rsquo;Ambassadeur Repr\u00e9sentant Permanent du Royaume aupr\u00e8s de l&rsquo;UA et de la CEA-ONU, Mohamed Arrouchi, qui intervenait lors de la r\u00e9union [&hellip;]<\/p>\n","protected":false},"author":1965,"featured_media":0,"comment_status":"closed","ping_status":"closed","sticky":false,"template":"","format":"standard","meta":{"fifu_image_url":"https:\/\/www.journalducameroun.com\/wp-content\/uploads\/2022\/04\/16500682838696.jpg","fifu_image_alt":"Le Maroc pour une approche multidimensionnelle de paix, de s\u00e9curit\u00e9 et de d\u00e9veloppement en Afrique","footnotes":""},"categories":[73,82],"tags":[],"class_list":["post-145679","post","type-post","status-publish","format-standard","hentry","category-actualite","category-cameroun"],"_links":{"self":[{"href":"https:\/\/linitiative.ca\/International\/wp-json\/wp\/v2\/posts\/145679","targetHints":{"allow":["GET"]}}],"collection":[{"href":"https:\/\/linitiative.ca\/International\/wp-json\/wp\/v2\/posts"}],"about":[{"href":"https:\/\/linitiative.ca\/International\/wp-json\/wp\/v2\/types\/post"}],"author":[{"embeddable":true,"href":"https:\/\/linitiative.ca\/International\/wp-json\/wp\/v2\/users\/1965"}],"replies":[{"embeddable":true,"href":"https:\/\/linitiative.ca\/International\/wp-json\/wp\/v2\/comments?post=145679"}],"version-history":[{"count":0,"href":"https:\/\/linitiative.ca\/International\/wp-json\/wp\/v2\/posts\/145679\/revisions"}],"wp:attachment":[{"href":"https:\/\/linitiative.ca\/International\/wp-json\/wp\/v2\/media?parent=145679"}],"wp:term":[{"taxonomy":"category","embeddable":true,"href":"https:\/\/linitiative.ca\/International\/wp-json\/wp\/v2\/categories?post=145679"},{"taxonomy":"post_tag","embeddable":true,"href":"https:\/\/linitiative.ca\/International\/wp-json\/wp\/v2\/tags?post=145679"}],"curies":[{"name":"wp","href":"https:\/\/api.w.org\/{rel}","templated":true}]}}