{"id":145683,"date":"2022-04-16T08:18:03","date_gmt":"2022-04-16T12:18:03","guid":{"rendered":"https:\/\/linitiative.ca\/International\/la-tunisie-dans-la-crainte-dune-maree-noire\/"},"modified":"2022-04-16T08:18:03","modified_gmt":"2022-04-16T12:18:03","slug":"la-tunisie-dans-la-crainte-dune-maree-noire","status":"publish","type":"post","link":"https:\/\/linitiative.ca\/International\/la-tunisie-dans-la-crainte-dune-maree-noire\/","title":{"rendered":"La Tunisie dans la crainte d\u2019une mar\u00e9e noire"},"content":{"rendered":"<div>\n<p><img decoding=\"async\" width=\"750\" height=\"404\" src=\"https:\/\/linitiative.ca\/International\/wp-content\/uploads\/sites\/23\/2022\/04\/16501114838819.jpg\" class=\"attachment-post-thumbnail size-post-thumbnail wp-post-image\" alt=\"\" loading=\"lazy\" srcset=\"https:\/\/linitiative.ca\/International\/wp-content\/uploads\/sites\/23\/2022\/04\/16501114838819.jpg 750w, https:\/\/www.journalducameroun.com\/wp-content\/uploads\/2022\/04\/16501114838819-300x162.jpg 300w, https:\/\/www.journalducameroun.com\/wp-content\/uploads\/2022\/04\/16501114838819-600x323.jpg 600w\" sizes=\"auto, (max-width: 750px) 100vw, 750px\"><\/p>\n<p>Un navire p\u00e9trolier, transportant 750 tonnes de gasoil, a coul\u00e9 ce samedi dans le golfe de Gab\u00e8s, sur la c\u00f4te Sud-Est de la Tunisie.Une course contre la montre est enclench\u00e9e pour \u00e9viter une mar\u00e9e noire. Depuis le naufrage du p\u00e9trolier, \u00ab il n&rsquo;y a pas de fuite\u00a0\u00bb, a rassur\u00e9 un porte-parole du tribunal de Gab\u00e8s contact\u00e9 par l&rsquo;Agence France Presse (AFP).<\/p>\n<p>Mais rien n&rsquo;est garanti. Une commission de pr\u00e9vention des catastrophes est cens\u00e9e en urgence \u00ab d\u00e9cider des mesures \u00e0 prendre\u00a0\u00bb. Le temps est compt\u00e9 pour s\u00e9curiser la cargaison du bateau parti d&rsquo;Egypte pour rejoindre Malte.<\/p>\n<p>Cet article <a rel=\"nofollow\" href=\"https:\/\/www.journalducameroun.com\/la-tunisie-dans-la-crainte-dune-maree-noire\/\">La Tunisie dans la crainte d\u2019une mar\u00e9e noire<\/a> est apparu en premier sur <a rel=\"nofollow\" href=\"https:\/\/www.journalducameroun.com\/\">Journal du Cameroun<\/a>.<\/p>\n<\/div>\n<p>Auteur: APA News<br \/>\n<a href=\"https:\/\/www.journalducameroun.com\/la-tunisie-dans-la-crainte-dune-maree-noire\/\">Cliquez ici pour lire l&rsquo;article depuis sa source.<\/a><\/p>\n","protected":false},"excerpt":{"rendered":"<p>Un navire p\u00e9trolier, transportant 750 tonnes de gasoil, a coul\u00e9 ce samedi dans le golfe de Gab\u00e8s, sur la c\u00f4te Sud-Est de la Tunisie.Une course contre la montre est enclench\u00e9e pour \u00e9viter une mar\u00e9e noire. Depuis le naufrage du p\u00e9trolier, \u00ab il n&rsquo;y a pas de fuite\u00a0\u00bb, a rassur\u00e9 un porte-parole du tribunal de Gab\u00e8s [&hellip;]<\/p>\n","protected":false},"author":1965,"featured_media":0,"comment_status":"closed","ping_status":"closed","sticky":false,"template":"","format":"standard","meta":{"fifu_image_url":"https:\/\/www.journalducameroun.com\/wp-content\/uploads\/2022\/04\/16501114838819.jpg","fifu_image_alt":"La Tunisie dans la crainte d\u2019une mar\u00e9e noire","footnotes":""},"categories":[73,82],"tags":[],"class_list":["post-145683","post","type-post","status-publish","format-standard","hentry","category-actualite","category-cameroun"],"_links":{"self":[{"href":"https:\/\/linitiative.ca\/International\/wp-json\/wp\/v2\/posts\/145683","targetHints":{"allow":["GET"]}}],"collection":[{"href":"https:\/\/linitiative.ca\/International\/wp-json\/wp\/v2\/posts"}],"about":[{"href":"https:\/\/linitiative.ca\/International\/wp-json\/wp\/v2\/types\/post"}],"author":[{"embeddable":true,"href":"https:\/\/linitiative.ca\/International\/wp-json\/wp\/v2\/users\/1965"}],"replies":[{"embeddable":true,"href":"https:\/\/linitiative.ca\/International\/wp-json\/wp\/v2\/comments?post=145683"}],"version-history":[{"count":0,"href":"https:\/\/linitiative.ca\/International\/wp-json\/wp\/v2\/posts\/145683\/revisions"}],"wp:attachment":[{"href":"https:\/\/linitiative.ca\/International\/wp-json\/wp\/v2\/media?parent=145683"}],"wp:term":[{"taxonomy":"category","embeddable":true,"href":"https:\/\/linitiative.ca\/International\/wp-json\/wp\/v2\/categories?post=145683"},{"taxonomy":"post_tag","embeddable":true,"href":"https:\/\/linitiative.ca\/International\/wp-json\/wp\/v2\/tags?post=145683"}],"curies":[{"name":"wp","href":"https:\/\/api.w.org\/{rel}","templated":true}]}}