{"id":145691,"date":"2022-04-16T09:31:51","date_gmt":"2022-04-16T13:31:51","guid":{"rendered":"https:\/\/linitiative.ca\/International\/le-cncc-sassocie-a-afreximbank-pour-doper-les-capacites-des-entreprises-camerounaises\/"},"modified":"2022-04-16T09:31:51","modified_gmt":"2022-04-16T13:31:51","slug":"le-cncc-sassocie-a-afreximbank-pour-doper-les-capacites-des-entreprises-camerounaises","status":"publish","type":"post","link":"https:\/\/linitiative.ca\/International\/le-cncc-sassocie-a-afreximbank-pour-doper-les-capacites-des-entreprises-camerounaises\/","title":{"rendered":"Le Cncc s\u2019associe \u00e0 AfrEximbank pour doper les capacit\u00e9s des entreprises camerounaises"},"content":{"rendered":"<div>\n<p>Selon Auguste Mbappe Penda, le Directeur g\u00e9n\u00e9ral du Conseil national des chargeurs du Cameroun (Cncc), les petites et moyennes entreprises camerounaises, en g\u00e9n\u00e9ral, et celles du secteur du commerce ext\u00e9rieur en particulier, enregistrent un nombre important de rejet de leurs demandes de cr\u00e9dits introduites aupr\u00e8s des banques (51% de demandes rejet\u00e9es). Pourtant, 93% des demandes introduites par les multinationales ayant des repr\u00e9sentations au Cameroun b\u00e9n\u00e9ficient de facilit\u00e9s financi\u00e8res des \u00e9tablissements de cr\u00e9dits. Parmi les raisons justifiant ce taux \u00e9lev\u00e9 de rejets, il cite \u00abla m\u00e9connaissance des proc\u00e9dures du commerce ext\u00e9rieur, le faible taux du commerce intra r\u00e9gional africain, ou l\u2019absence de ma\u00eetrise des m\u00e9canismes de financement innovants\u00bb. Cons\u00e9quences, 33% des Pme locales connaissent une baisse de leur rendement suite \u00e0 l\u2019insuffisance des cr\u00e9dits accord\u00e9s.<\/p>\n<p>C\u2019est pour y rem\u00e9dier que le Cncc a engag\u00e9 un processus palliatif aupr\u00e8s d\u2019AfrEximbank, banque africaine sp\u00e9cialis\u00e9e dans le financement des activit\u00e9s d\u2019import\/export, au profit des entreprises camerounaises du segment \u00ab\u00a0commerce international\u00bb. En marge du s\u00e9minaire dont le th\u00e8me portait sur \u00abl\u2019optimisation des opportunit\u00e9s de la Zlecaf en faveur des Pme\u00bb, un protocole d\u2019accord a \u00e9t\u00e9 paraph\u00e9 entre ces deux institutions, afin de \u00a0porter appui au petites et moyennes entreprises camerounaises : \u00ab il s\u2019agit de mettre en place\u00a0un cadre attractif pour les Pme afin de booster leur comp\u00e9titivit\u00e9 \u00e9conomique \u00e0 l\u2019\u00e8re de la Zlecaf. Ce protocole d\u2019accord pose les jalons d\u2019un m\u00e9canisme de sensibilisation p\u00e9renne des op\u00e9rateurs \u00e9conomiques afin qu\u2019ils puissent b\u00e9n\u00e9ficier des opportunit\u00e9s de financement du commerce international tel que prescrit par la strat\u00e9gie nationale de mise en \u0153uvre de la Zlecaf pour le Cameroun\u00bb, a indiqu\u00e9 Auguste Mbappe Penda.<\/p>\n<p><strong>D\u00e9bouch\u00e9s<\/strong><\/p>\n<p>Maureen Mba, Chef du D\u00e9partement de la plateforme \u00abMansa\u00bb (r\u00e9f\u00e9rentiel num\u00e9rique panafricain regroupant les institutions financi\u00e8res, les entreprises, multinationales, divers d\u00e9cideurs etc\u2026), conduisait la d\u00e9l\u00e9gation d\u2019AfrEximbank, dont faisait partie Beno\u00eet Messi, le Chef de mission Afrique centrale d\u2019AfrEximbank. Ces derniers ont pr\u00e9sent\u00e9 aux responsables des petites et moyennes entreprises locales, les opportunit\u00e9s de financement offertes par la banque. Comme leviers de financements, AfrEximbank met \u00e0 la disposition des Pme camerounaises du commerce ext\u00e9rieur, l\u2019initiative IATF, la plateforme Kyc\/Cdd Mansa, le portefeuille Afrexinsure, le programme Aftraf, l\u2019initiative Exde, \u00a0le programme Feda, \u00a0le portail Tradar ou \u00a0le Papss, le syst\u00e8me panafricain de paiement et de r\u00e8glement.<\/p>\n<p>Au total, AfrEximbank, dont le bureau camerounais est op\u00e9rationnel depuis le 24 septembre 2021, ouvre des d\u00e9bouch\u00e9s de financement et de refinancement de plus de 300 milliards de FCFA au profit des entreprises camerounaises. \u00c0 mobiliser jusqu\u2019en 2026: \u00ables banques du Cameroun vont b\u00e9n\u00e9ficier des facilit\u00e9s de cr\u00e9dits afin de soutenir les entreprises camerounaises. Nous sommes heureux de nouer ce contact avec celles qui exercent dans le secteur strat\u00e9gique du commerce ext\u00e9rieur, \u00e0 travers le Cncc\u00bb, pr\u00e9cise\u00a0Maureen Mba.\u00a0Rappelons que depuis 1994, AfrEximbank a approuv\u00e9 des facilit\u00e9s de cr\u00e9dit de plus de 67 milliards de dollars en faveur des entreprises africaines, dont celles du Cameroun. Les travaux du s\u00e9minaire Cncc\/AfrEximbank se sont achev\u00e9s le 14 avril 2022.<\/p>\n<p>L\u2019article <a rel=\"nofollow\" href=\"https:\/\/ecomatin.net\/le-cncc-sassocie-a-afreximbank-pour-doper-les-capacites-des-entreprises-camerounaises\/\">Le Cncc s\u2019associe \u00e0 AfrEximbank pour doper les capacit\u00e9s des entreprises camerounaises<\/a> est apparu en premier sur <a rel=\"nofollow\" href=\"https:\/\/ecomatin.net\/\">EcoMatin<\/a>.<\/p>\n<\/div>\n<p>Auteur: Georges Semey<br \/>\n<a href=\"https:\/\/ecomatin.net\/le-cncc-sassocie-a-afreximbank-pour-doper-les-capacites-des-entreprises-camerounaises\/\">Cliquez ici pour lire l&rsquo;article depuis sa source.<\/a><\/p>\n","protected":false},"excerpt":{"rendered":"<p>Selon Auguste Mbappe Penda, le Directeur g\u00e9n\u00e9ral du Conseil national des chargeurs du Cameroun (Cncc), les petites et moyennes entreprises camerounaises, en g\u00e9n\u00e9ral, et celles du secteur du commerce ext\u00e9rieur en particulier, enregistrent un nombre important de rejet de leurs demandes de cr\u00e9dits introduites aupr\u00e8s des banques (51% de demandes rejet\u00e9es). Pourtant, 93% des demandes [&hellip;]<\/p>\n","protected":false},"author":1969,"featured_media":0,"comment_status":"closed","ping_status":"closed","sticky":false,"template":"","format":"standard","meta":{"fifu_image_url":"","fifu_image_alt":"","footnotes":""},"categories":[82,78],"tags":[],"class_list":["post-145691","post","type-post","status-publish","format-standard","hentry","category-cameroun","category-economie"],"_links":{"self":[{"href":"https:\/\/linitiative.ca\/International\/wp-json\/wp\/v2\/posts\/145691","targetHints":{"allow":["GET"]}}],"collection":[{"href":"https:\/\/linitiative.ca\/International\/wp-json\/wp\/v2\/posts"}],"about":[{"href":"https:\/\/linitiative.ca\/International\/wp-json\/wp\/v2\/types\/post"}],"author":[{"embeddable":true,"href":"https:\/\/linitiative.ca\/International\/wp-json\/wp\/v2\/users\/1969"}],"replies":[{"embeddable":true,"href":"https:\/\/linitiative.ca\/International\/wp-json\/wp\/v2\/comments?post=145691"}],"version-history":[{"count":0,"href":"https:\/\/linitiative.ca\/International\/wp-json\/wp\/v2\/posts\/145691\/revisions"}],"wp:attachment":[{"href":"https:\/\/linitiative.ca\/International\/wp-json\/wp\/v2\/media?parent=145691"}],"wp:term":[{"taxonomy":"category","embeddable":true,"href":"https:\/\/linitiative.ca\/International\/wp-json\/wp\/v2\/categories?post=145691"},{"taxonomy":"post_tag","embeddable":true,"href":"https:\/\/linitiative.ca\/International\/wp-json\/wp\/v2\/tags?post=145691"}],"curies":[{"name":"wp","href":"https:\/\/api.w.org\/{rel}","templated":true}]}}