{"id":145698,"date":"2022-04-17T07:25:15","date_gmt":"2022-04-17T11:25:15","guid":{"rendered":"https:\/\/linitiative.ca\/International\/alerte-meteo-temps-chaud-dimanche-et-lundi-dans-plusieurs-provinces-du-royaume\/"},"modified":"2022-04-17T07:25:15","modified_gmt":"2022-04-17T11:25:15","slug":"alerte-meteo-temps-chaud-dimanche-et-lundi-dans-plusieurs-provinces-du-royaume","status":"publish","type":"post","link":"https:\/\/linitiative.ca\/International\/alerte-meteo-temps-chaud-dimanche-et-lundi-dans-plusieurs-provinces-du-royaume\/","title":{"rendered":"Alerte m\u00e9t\u00e9o: Temps chaud dimanche et lundi dans plusieurs provinces du Royaume"},"content":{"rendered":"<div>\n<p><img decoding=\"async\" width=\"300\" height=\"153\" src=\"https:\/\/linitiative.ca\/International\/wp-content\/uploads\/sites\/23\/2022\/04\/meteo-1-300x153-1.jpg\" class=\"attachment-medium size-medium wp-post-image\" alt=\"\" loading=\"lazy\" srcset=\"https:\/\/linitiative.ca\/International\/wp-content\/uploads\/sites\/23\/2022\/04\/meteo-1-300x153-1.jpg 300w, https:\/\/aujourdhui.ma\/wp-content\/uploads\/2016\/06\/meteo-1.jpg 746w\" sizes=\"auto, (max-width: 300px) 100vw, 300px\"><\/p>\n<p><span style=\"color: #800000;\"><strong>Un temps chaud est pr\u00e9vu, dimanche et lundi, dans plusieurs provinces du Royaume, annonce la Direction g\u00e9n\u00e9rale de la m\u00e9t\u00e9orologie (DGM) dans un bulletin d\u2019alerte. <\/strong><\/span><br \/>\n<span id=\"more-405391\"><\/span><br \/>\nAinsi, des temp\u00e9ratures variant entre 36 et 39\u00b0C concerneront dimanche et lundi les provinces d\u2019Inezgane-A\u00eft Melloul,Tiznit, Sidi Ifni, Chtouka-A\u00eft Baha, Taroudant et Guelmim, pr\u00e9cise la DGM dans un bulletin d\u2019alerte d\u2019un niveau de vigilance orange.<\/p>\n<p>Des temp\u00e9ratures allant de 38 \u00e0 41\u00b0C concerneront dimanche et lundi les provinces de Tan-Tan, Tarfaya, Es-Semara, Boujdour, La\u00e2youne, Aousserd et Oued Ed-Dahab, conclut la m\u00eame source.<\/p>\n<\/div>\n<p>Auteur: ALM<br \/>\n<a href=\"https:\/\/aujourdhui.ma\/actualite\/alerte-meteo-temps-chaud-dimanche-et-lundi-dans-plusieurs-provinces-du-royaume\">Cliquez ici pour lire l&rsquo;article depuis sa source.<\/a><\/p>\n","protected":false},"excerpt":{"rendered":"<p>Un temps chaud est pr\u00e9vu, dimanche et lundi, dans plusieurs provinces du Royaume, annonce la Direction g\u00e9n\u00e9rale de la m\u00e9t\u00e9orologie (DGM) dans un bulletin d\u2019alerte. Ainsi, des temp\u00e9ratures variant entre 36 et 39\u00b0C concerneront dimanche et lundi les provinces d\u2019Inezgane-A\u00eft Melloul,Tiznit, Sidi Ifni, Chtouka-A\u00eft Baha, Taroudant et Guelmim, pr\u00e9cise la DGM dans un bulletin d\u2019alerte [&hellip;]<\/p>\n","protected":false},"author":1759,"featured_media":0,"comment_status":"closed","ping_status":"closed","sticky":false,"template":"","format":"standard","meta":{"fifu_image_url":"https:\/\/aujourdhui.ma\/wp-content\/uploads\/2016\/06\/meteo-1-300x153.jpg","fifu_image_alt":"Alerte m\u00e9t\u00e9o: Temps chaud dimanche et lundi dans plusieurs provinces du Royaume","footnotes":""},"categories":[73,54],"tags":[],"class_list":["post-145698","post","type-post","status-publish","format-standard","hentry","category-actualite","category-maroc"],"_links":{"self":[{"href":"https:\/\/linitiative.ca\/International\/wp-json\/wp\/v2\/posts\/145698","targetHints":{"allow":["GET"]}}],"collection":[{"href":"https:\/\/linitiative.ca\/International\/wp-json\/wp\/v2\/posts"}],"about":[{"href":"https:\/\/linitiative.ca\/International\/wp-json\/wp\/v2\/types\/post"}],"author":[{"embeddable":true,"href":"https:\/\/linitiative.ca\/International\/wp-json\/wp\/v2\/users\/1759"}],"replies":[{"embeddable":true,"href":"https:\/\/linitiative.ca\/International\/wp-json\/wp\/v2\/comments?post=145698"}],"version-history":[{"count":0,"href":"https:\/\/linitiative.ca\/International\/wp-json\/wp\/v2\/posts\/145698\/revisions"}],"wp:attachment":[{"href":"https:\/\/linitiative.ca\/International\/wp-json\/wp\/v2\/media?parent=145698"}],"wp:term":[{"taxonomy":"category","embeddable":true,"href":"https:\/\/linitiative.ca\/International\/wp-json\/wp\/v2\/categories?post=145698"},{"taxonomy":"post_tag","embeddable":true,"href":"https:\/\/linitiative.ca\/International\/wp-json\/wp\/v2\/tags?post=145698"}],"curies":[{"name":"wp","href":"https:\/\/api.w.org\/{rel}","templated":true}]}}