{"id":145714,"date":"2022-04-17T12:25:28","date_gmt":"2022-04-17T16:25:28","guid":{"rendered":"https:\/\/linitiative.ca\/International\/le-parlement-mobile-en-escale-dans-la-region-de-marrakech-safi\/"},"modified":"2022-04-17T12:25:28","modified_gmt":"2022-04-17T16:25:28","slug":"le-parlement-mobile-en-escale-dans-la-region-de-marrakech-safi","status":"publish","type":"post","link":"https:\/\/linitiative.ca\/International\/le-parlement-mobile-en-escale-dans-la-region-de-marrakech-safi\/","title":{"rendered":"Le \u00ab\u00a0Parlement mobile\u00a0\u00bb en escale dans la r\u00e9gion de Marrakech-Safi"},"content":{"rendered":"<div>\n<div style=\"margin-bottom:20px;\"><img loading=\"lazy\" decoding=\"async\" width=\"750\" height=\"430\" src=\"https:\/\/linitiative.ca\/International\/wp-content\/uploads\/sites\/23\/2022\/04\/parlement-mobile-copier.jpg\" class=\"attachment-post-thumbnail size-post-thumbnail wp-post-image\" alt=\"\" srcset=\"https:\/\/linitiative.ca\/International\/wp-content\/uploads\/sites\/23\/2022\/04\/parlement-mobile-copier.jpg 750w, https:\/\/www.mapmarrakech.ma\/map\/uploads\/2022\/04\/parlement-mobile-copier-300x172.jpg 300w\" sizes=\"auto, (max-width: 750px) 100vw, 750px\"><\/div>\n<p>Fruit d\u2019un partenariat entre le GPJ et la Fondation Friedrich Naumann, cette initiative de deux jours qui sillonnera les diff\u00e9rentes r\u00e9gions du Royaume, a pour objectif de former et d\u2019encadrer les jeunes en mati\u00e8re d\u2019analyse et de suivi des politiques publiques et territoriales.<\/p>\n<p>A cette occasion, le pr\u00e9sident du GPJ, M. Ismail El Hamraoui, a indiqu\u00e9 que ce projet permettra de doter les jeunes participants des m\u00e9canismes d\u2019analyse et d\u2019\u00e9valuation des politiques publiques portant sur plusieurs aspects relatifs aux l\u00e9gislations et aux politiques publiques et territoriales, et de formation de ces jeunes sur les m\u00e9canismes de communication politique, afin de rapprocher l\u2019institution l\u00e9gislative des citoyens.<\/p>\n<p>Dans une d\u00e9claration \u00e0 M24, la cha\u00eene d\u2019information en continu de la MAP, M. El Hamraoui a fait savoir qu\u2019\u00e0 travers cette initiative, plus de 40 jeunes (hommes et femmes) de la r\u00e9gion de Marrakech-Safi b\u00e9n\u00e9ficieront d\u2019une formation directe, avant que ces derniers ne proc\u00e8dent, \u00e0 leur tour, \u00e0 la formation de plus de 800 jeunes dans la r\u00e9gion en vue de simuler l\u2019action de l\u2019institution l\u00e9gislative.<\/p>\n<p>De son c\u00f4t\u00e9, le pr\u00e9sident du GPJ de la r\u00e9gion de Marrakech-Safi, M. Walid A\u00eft Abbou, s\u2019est f\u00e9licit\u00e9 de cette exp\u00e9rience pionni\u00e8re au niveau national, qui permettra aux jeunes de la r\u00e9gion de se familiariser avec l\u2019institution l\u00e9gislative et son r\u00f4le dans l\u2019\u00e9valuation des politiques publiques et en mati\u00e8re de l\u00e9gislation.<\/p>\n<p>Il a \u00e9galement soulign\u00e9 l\u2019adh\u00e9sion du gouvernement r\u00e9gional parall\u00e8le de la jeunesse \u00e0 la politique de proximit\u00e9 et au grand chantier de la r\u00e9gionalisation avanc\u00e9e, afin d\u2019\u00eatre \u00e0 l\u2019\u00e9coute des pr\u00e9occupations des jeunes au niveau des diff\u00e9rentes provinces de la r\u00e9gion et de les soumettre au gouvernement constitutionnel.<\/p>\n<p>Lanc\u00e9e dans le cadre de la dynamique inclusive amorc\u00e9e par le GPJ, l\u2019initiative du \u00ab\u00a0Parlement mobile\u00a0\u00bb vise \u00e0 renforcer les capacit\u00e9s des jeunes dans le domaine de l\u2019action politique et \u00e0 leur offrir l\u2019opportunit\u00e9 de d\u00e9couvrir les r\u00f4les de leadership parlementaire et minist\u00e9riel, \u00e0 travers la simulation du parlement.<\/p>\n<p>Cette initiative cible 7.650 jeunes dans les 12 r\u00e9gions du Royaume, qui b\u00e9n\u00e9ficieront d\u2019une formation th\u00e9orique sur l\u2019analyse et l\u2019\u00e9valuation des politiques publiques et la simplification des concepts de base y aff\u00e9rents, afin de les doter des moyens pour la mise en \u0153uvre des r\u00f4les constitutionnels de la jeunesse, ainsi que d\u2019exercices pratiques, \u00e0 travers l\u2019exp\u00e9rience de simulation du parlement marocain, encadr\u00e9s par des sp\u00e9cialistes et des experts dans le domaine des politiques publiques.<\/p>\n<p>Le programme de cette \u00e9dition pr\u00e9voit deux ateliers de formation : le premier ax\u00e9 sur les fondements conceptuels des politiques publiques et leur rapport avec la d\u00e9cision politique, alors que le deuxi\u00e8me porte sur l\u2019\u00e9valuation des politiques publiques et les proc\u00e9dures m\u00e9thodologiques.<\/p>\n<p>L\u2019ordre du jour comprend \u00e9galement la simulation de l\u2019exp\u00e9rience du Parlement marocain, ponctu\u00e9e par une s\u00e9ance de questions orales et l\u2019interaction des jeunes ministres appel\u00e9s \u00e0 apporter des r\u00e9ponses.<\/p>\n<p>The post <a rel=\"nofollow\" href=\"https:\/\/www.mapmarrakech.ma\/fr\/le-parlement-mobile-en-escale-dans-la-region-de-marrakech-safi\/\">Le \u00ab\u00a0Parlement mobile\u00a0\u00bb en escale dans la r\u00e9gion de Marrakech-Safi<\/a> appeared first on <a rel=\"nofollow\" href=\"https:\/\/www.mapmarrakech.ma\/fr\">MapMarrakech<\/a>.<\/p>\n<\/div>\n<p>Auteur: Meriem IGASS<br \/>\n<a href=\"https:\/\/www.mapmarrakech.ma\/fr\/le-parlement-mobile-en-escale-dans-la-region-de-marrakech-safi\/\">Cliquez ici pour lire l&rsquo;article depuis sa source.<\/a><\/p>\n","protected":false},"excerpt":{"rendered":"<p>Fruit d\u2019un partenariat entre le GPJ et la Fondation Friedrich Naumann, cette initiative de deux jours qui sillonnera les diff\u00e9rentes r\u00e9gions du Royaume, a pour objectif de former et d\u2019encadrer les jeunes en mati\u00e8re d\u2019analyse et de suivi des politiques publiques et territoriales. A cette occasion, le pr\u00e9sident du GPJ, M. Ismail El Hamraoui, a [&hellip;]<\/p>\n","protected":false},"author":1788,"featured_media":0,"comment_status":"closed","ping_status":"closed","sticky":false,"template":"","format":"standard","meta":{"fifu_image_url":"https:\/\/www.mapmarrakech.ma\/map\/uploads\/2022\/04\/parlement-mobile-copier.jpg","fifu_image_alt":"Le \u00ab\u00a0Parlement mobile\u00a0\u00bb en escale dans la r\u00e9gion de Marrakech-Safi","footnotes":""},"categories":[54,76],"tags":[],"class_list":["post-145714","post","type-post","status-publish","format-standard","hentry","category-maroc","category-regions"],"_links":{"self":[{"href":"https:\/\/linitiative.ca\/International\/wp-json\/wp\/v2\/posts\/145714","targetHints":{"allow":["GET"]}}],"collection":[{"href":"https:\/\/linitiative.ca\/International\/wp-json\/wp\/v2\/posts"}],"about":[{"href":"https:\/\/linitiative.ca\/International\/wp-json\/wp\/v2\/types\/post"}],"author":[{"embeddable":true,"href":"https:\/\/linitiative.ca\/International\/wp-json\/wp\/v2\/users\/1788"}],"replies":[{"embeddable":true,"href":"https:\/\/linitiative.ca\/International\/wp-json\/wp\/v2\/comments?post=145714"}],"version-history":[{"count":0,"href":"https:\/\/linitiative.ca\/International\/wp-json\/wp\/v2\/posts\/145714\/revisions"}],"wp:attachment":[{"href":"https:\/\/linitiative.ca\/International\/wp-json\/wp\/v2\/media?parent=145714"}],"wp:term":[{"taxonomy":"category","embeddable":true,"href":"https:\/\/linitiative.ca\/International\/wp-json\/wp\/v2\/categories?post=145714"},{"taxonomy":"post_tag","embeddable":true,"href":"https:\/\/linitiative.ca\/International\/wp-json\/wp\/v2\/tags?post=145714"}],"curies":[{"name":"wp","href":"https:\/\/api.w.org\/{rel}","templated":true}]}}