{"id":145723,"date":"2022-04-17T12:47:14","date_gmt":"2022-04-17T16:47:14","guid":{"rendered":"https:\/\/linitiative.ca\/International\/le-sg-de-lenseignement-superieur-prive-de-ses-prerogatives\/"},"modified":"2022-04-17T12:47:14","modified_gmt":"2022-04-17T16:47:14","slug":"le-sg-de-lenseignement-superieur-prive-de-ses-prerogatives","status":"publish","type":"post","link":"https:\/\/linitiative.ca\/International\/le-sg-de-lenseignement-superieur-prive-de-ses-prerogatives\/","title":{"rendered":"Le SG de l\u2019Enseignement sup\u00e9rieur priv\u00e9 de ses pr\u00e9rogatives"},"content":{"rendered":"<div>\n<div class=\"field field-name-body field-type-text-with-summary field-label-hidden\">\n<div class=\"field-items\">\n<div class=\"field-item even\" property=\"content:encoded\">\n<p>Mohamed Khalfaoui, secr\u00e9taire g\u00e9n\u00e9ral du d\u00e9partement de l\u2019Enseignement sup\u00e9rieur a \u00e9t\u00e9 priv\u00e9 de ses pr\u00e9rogatives, sur d\u00e9cision du ministre Abdellatif Miraoui. La d\u00e9cision, parue au B.O du 7 avril dernier, pr\u00e9voit de d\u00e9l\u00e9guer \u00e0 l\u2019inspecteur g\u00e9n\u00e9ral par int\u00e9rim, Abdelfettah Ould Nana, la signature et le visa de documents, y compris les ordres de mission des fonctionnaires du minist\u00e8re au niveau national, et hormis les d\u00e9crets et textes organiques. Khalfaoui, ancien directeur du CNRST, est en poste depuis mars 2020.<\/p>\n<\/div>\n<\/div>\n<\/div>\n<\/div>\n<p>Auteur: anazih<br \/>\n<a href=\"https:\/\/www.leconomiste.com\/flash-infos\/le-sg-de-l-enseignement-superieur-prive-de-ses-prerogatives\">Cliquez ici pour lire l&rsquo;article depuis sa source.<\/a><\/p>\n","protected":false},"excerpt":{"rendered":"<p>Mohamed Khalfaoui, secr\u00e9taire g\u00e9n\u00e9ral du d\u00e9partement de l\u2019Enseignement sup\u00e9rieur a \u00e9t\u00e9 priv\u00e9 de ses pr\u00e9rogatives, sur d\u00e9cision du ministre Abdellatif Miraoui. La d\u00e9cision, parue au B.O du 7 avril dernier, pr\u00e9voit de d\u00e9l\u00e9guer \u00e0 l\u2019inspecteur g\u00e9n\u00e9ral par int\u00e9rim, Abdelfettah Ould Nana, la signature et le visa de documents, y compris les ordres de mission des [&hellip;]<\/p>\n","protected":false},"author":1763,"featured_media":0,"comment_status":"closed","ping_status":"closed","sticky":false,"template":"","format":"standard","meta":{"fifu_image_url":"","fifu_image_alt":"","footnotes":""},"categories":[78,54],"tags":[],"class_list":["post-145723","post","type-post","status-publish","format-standard","hentry","category-economie","category-maroc"],"_links":{"self":[{"href":"https:\/\/linitiative.ca\/International\/wp-json\/wp\/v2\/posts\/145723","targetHints":{"allow":["GET"]}}],"collection":[{"href":"https:\/\/linitiative.ca\/International\/wp-json\/wp\/v2\/posts"}],"about":[{"href":"https:\/\/linitiative.ca\/International\/wp-json\/wp\/v2\/types\/post"}],"author":[{"embeddable":true,"href":"https:\/\/linitiative.ca\/International\/wp-json\/wp\/v2\/users\/1763"}],"replies":[{"embeddable":true,"href":"https:\/\/linitiative.ca\/International\/wp-json\/wp\/v2\/comments?post=145723"}],"version-history":[{"count":0,"href":"https:\/\/linitiative.ca\/International\/wp-json\/wp\/v2\/posts\/145723\/revisions"}],"wp:attachment":[{"href":"https:\/\/linitiative.ca\/International\/wp-json\/wp\/v2\/media?parent=145723"}],"wp:term":[{"taxonomy":"category","embeddable":true,"href":"https:\/\/linitiative.ca\/International\/wp-json\/wp\/v2\/categories?post=145723"},{"taxonomy":"post_tag","embeddable":true,"href":"https:\/\/linitiative.ca\/International\/wp-json\/wp\/v2\/tags?post=145723"}],"curies":[{"name":"wp","href":"https:\/\/api.w.org\/{rel}","templated":true}]}}