{"id":145725,"date":"2022-04-17T11:10:00","date_gmt":"2022-04-17T15:10:00","guid":{"rendered":"https:\/\/linitiative.ca\/International\/manchester-city-guardiola-explique-son-choix-de-ne-pas-avoir-titularise-mahrez-face-aux-reds\/"},"modified":"2022-04-17T11:10:00","modified_gmt":"2022-04-17T15:10:00","slug":"manchester-city-guardiola-explique-son-choix-de-ne-pas-avoir-titularise-mahrez-face-aux-reds","status":"publish","type":"post","link":"https:\/\/linitiative.ca\/International\/manchester-city-guardiola-explique-son-choix-de-ne-pas-avoir-titularise-mahrez-face-aux-reds\/","title":{"rendered":"Manchester City: Guardiola explique son choix de ne pas avoir titularis\u00e9 Mahrez face aux Reds"},"content":{"rendered":"<div>Interrog\u00e9 sur ce choix, Pep Guerdiola a r\u00e9pondu en conf\u00e9rence de presse d\u2019apr\u00e8s-match&#8230;<\/div>\n<p>Auteur:<br \/>\n<a href=\"https:\/\/www.lebuteur.com\/article\/detail?titre=manchester-city-guardiola-explique-son-choix-de-ne-pas-avoir-titularise-mahrez-face-aux-reds&#038;id=102714\">Cliquez ici pour lire l&rsquo;article depuis sa source.<\/a><\/p>\n","protected":false},"excerpt":{"rendered":"<p>Interrog\u00e9 sur ce choix, Pep Guerdiola a r\u00e9pondu en conf\u00e9rence de presse d\u2019apr\u00e8s-match&#8230; Auteur: Cliquez ici pour lire l&rsquo;article depuis sa source.<\/p>\n","protected":false},"author":1738,"featured_media":0,"comment_status":"closed","ping_status":"closed","sticky":false,"template":"","format":"standard","meta":{"fifu_image_url":"","fifu_image_alt":"","footnotes":""},"categories":[53,75],"tags":[],"class_list":["post-145725","post","type-post","status-publish","format-standard","hentry","category-algerie","category-sport"],"_links":{"self":[{"href":"https:\/\/linitiative.ca\/International\/wp-json\/wp\/v2\/posts\/145725","targetHints":{"allow":["GET"]}}],"collection":[{"href":"https:\/\/linitiative.ca\/International\/wp-json\/wp\/v2\/posts"}],"about":[{"href":"https:\/\/linitiative.ca\/International\/wp-json\/wp\/v2\/types\/post"}],"author":[{"embeddable":true,"href":"https:\/\/linitiative.ca\/International\/wp-json\/wp\/v2\/users\/1738"}],"replies":[{"embeddable":true,"href":"https:\/\/linitiative.ca\/International\/wp-json\/wp\/v2\/comments?post=145725"}],"version-history":[{"count":0,"href":"https:\/\/linitiative.ca\/International\/wp-json\/wp\/v2\/posts\/145725\/revisions"}],"wp:attachment":[{"href":"https:\/\/linitiative.ca\/International\/wp-json\/wp\/v2\/media?parent=145725"}],"wp:term":[{"taxonomy":"category","embeddable":true,"href":"https:\/\/linitiative.ca\/International\/wp-json\/wp\/v2\/categories?post=145725"},{"taxonomy":"post_tag","embeddable":true,"href":"https:\/\/linitiative.ca\/International\/wp-json\/wp\/v2\/tags?post=145725"}],"curies":[{"name":"wp","href":"https:\/\/api.w.org\/{rel}","templated":true}]}}