{"id":145729,"date":"2022-04-17T04:00:00","date_gmt":"2022-04-17T08:00:00","guid":{"rendered":"https:\/\/linitiative.ca\/International\/tunisie-lutile-et-le-futile\/"},"modified":"2022-04-17T04:00:00","modified_gmt":"2022-04-17T08:00:00","slug":"tunisie-lutile-et-le-futile","status":"publish","type":"post","link":"https:\/\/linitiative.ca\/International\/tunisie-lutile-et-le-futile\/","title":{"rendered":"Tunisie: L\u2019utile et le futile"},"content":{"rendered":"<div><img decoding=\"async\" src=\"https:\/\/linitiative.ca\/International\/wp-content\/uploads\/sites\/23\/2022\/04\/1650128517_article.jpg\" alt=\"Tunisie: L\u2019utile et le futile\" align=\"left\">Par Riadh Zghal &#8211; Lorsqu\u2019en 2010-2011, les gens sont sortis dans la rue scandant \u00ab emploi, libert\u00e9 et dignit\u00e9 \u00bb, personne n\u2019a exig\u00e9 une r\u00e9vision de la constitution ni de l\u2019arsenal juridique dont certaines dispositions datent d\u2019une \u00e9poque longtemps r\u00e9volue. Ce n\u2019\u00e9tait pas l\u2019utile et, pour le citoyen lambda en col\u00e8re, c\u2019\u00e9tait loin de ses soucis. Or c\u2019est cela qui a mobilis\u00e9 les acteurs politiques \u00e9mergeant sur sc\u00e8ne. La r\u00e9ponse attendue \u00e0 la demande populaire devait \u00eatre d\u2019ordre \u00e9conomique, de gouvernance et de r\u00e9formes lib\u00e9rant la parole et l\u2019initiative entrepreneuriale.<br \/>\nUne telle r\u00e9ponse n\u00e9cessite des comp\u00e9tences et de l\u2019exp\u00e9rience en mati\u00e8re &#8230;<\/p>\n<\/div>\n<p>Auteur:<br \/>\n<a href=\"https:\/\/www.leaders.com.tn\/article\/33248-tunisie-l-utile-et-le-futile\">Cliquez ici pour lire l&rsquo;article depuis sa source.<\/a><\/p>\n","protected":false},"excerpt":{"rendered":"<p>Par Riadh Zghal &#8211; Lorsqu\u2019en 2010-2011, les gens sont sortis dans la rue scandant \u00ab emploi, libert\u00e9 et dignit\u00e9 \u00bb, personne n\u2019a exig\u00e9 une r\u00e9vision de la constitution ni de l\u2019arsenal juridique dont certaines dispositions datent d\u2019une \u00e9poque longtemps r\u00e9volue. Ce n\u2019\u00e9tait pas l\u2019utile et, pour le citoyen lambda en col\u00e8re, c\u2019\u00e9tait loin de ses [&hellip;]<\/p>\n","protected":false},"author":1772,"featured_media":0,"comment_status":"closed","ping_status":"closed","sticky":false,"template":"","format":"standard","meta":{"fifu_image_url":"http:\/\/www.leaders.com.tn\/uploads\/content\/thumbnails_small\/1650128517_article.jpg","fifu_image_alt":"Tunisie: L\u2019utile et le futile","footnotes":""},"categories":[73,55],"tags":[],"class_list":["post-145729","post","type-post","status-publish","format-standard","hentry","category-actualite","category-tunisie"],"_links":{"self":[{"href":"https:\/\/linitiative.ca\/International\/wp-json\/wp\/v2\/posts\/145729","targetHints":{"allow":["GET"]}}],"collection":[{"href":"https:\/\/linitiative.ca\/International\/wp-json\/wp\/v2\/posts"}],"about":[{"href":"https:\/\/linitiative.ca\/International\/wp-json\/wp\/v2\/types\/post"}],"author":[{"embeddable":true,"href":"https:\/\/linitiative.ca\/International\/wp-json\/wp\/v2\/users\/1772"}],"replies":[{"embeddable":true,"href":"https:\/\/linitiative.ca\/International\/wp-json\/wp\/v2\/comments?post=145729"}],"version-history":[{"count":0,"href":"https:\/\/linitiative.ca\/International\/wp-json\/wp\/v2\/posts\/145729\/revisions"}],"wp:attachment":[{"href":"https:\/\/linitiative.ca\/International\/wp-json\/wp\/v2\/media?parent=145729"}],"wp:term":[{"taxonomy":"category","embeddable":true,"href":"https:\/\/linitiative.ca\/International\/wp-json\/wp\/v2\/categories?post=145729"},{"taxonomy":"post_tag","embeddable":true,"href":"https:\/\/linitiative.ca\/International\/wp-json\/wp\/v2\/tags?post=145729"}],"curies":[{"name":"wp","href":"https:\/\/api.w.org\/{rel}","templated":true}]}}