{"id":145733,"date":"2022-04-17T05:00:00","date_gmt":"2022-04-17T09:00:00","guid":{"rendered":"https:\/\/linitiative.ca\/International\/samir-trabelsi-le-fmi-mobilise-45-md-pour-la-resilience-et-la-durabilite\/"},"modified":"2022-04-17T05:00:00","modified_gmt":"2022-04-17T09:00:00","slug":"samir-trabelsi-le-fmi-mobilise-45-md-pour-la-resilience-et-la-durabilite","status":"publish","type":"post","link":"https:\/\/linitiative.ca\/International\/samir-trabelsi-le-fmi-mobilise-45-md-pour-la-resilience-et-la-durabilite\/","title":{"rendered":"Samir Trabelsi: Le FMI mobilise 45 Md$ pour la R\u00e9silience et la Durabilit\u00e9"},"content":{"rendered":"<div><img decoding=\"async\" src=\"https:\/\/linitiative.ca\/International\/wp-content\/uploads\/sites\/23\/2022\/04\/1650165380_article.jpg\" alt=\"Samir Trabelsi: Le FMI mobilise 45 Md$ pour la R\u00e9silience et la Durabilit\u00e9\" align=\"left\">Les Rencontres du Printemps du Fonds mon\u00e9taire international (FMI) et la Banque mondiale sont bien parties. Cette semaine, Kristalina Georgieva, la directrice g\u00e9n\u00e9rale du FMI a annonc\u00e9 la cr\u00e9ation d\u2019un Fonds fiduciaire pour la r\u00e9silience et la durabilit\u00e9\u00a0 (FFRD), un financement au m\u00e9rite de 45 Md$ pour venir en aide aux pays impact\u00e9s par le fl\u00e9au des changements climatiques. Trois quarts des pays de la plan\u00e8te sont \u00e9ligibles \u00e0 ce fonds. L\u2019Afrique en a besoin! La Tunisie aussi\u2026<br \/>\nUn financement qui tombe \u00e0 point nomm\u00e9! L\u2019Afrique paye un lourd tribut aux changements climatiques, cette externalit\u00e9 n\u00e9gative qui coute cher aux \u00e9conomies africaines. Ce continent &#8230;<\/p>\n<\/div>\n<p>Auteur:<br \/>\n<a href=\"https:\/\/www.leaders.com.tn\/article\/33254-samir-trabelsi-le-fmi-mobilise-45-md-pour-la-resilience-et-la-durabilite\">Cliquez ici pour lire l&rsquo;article depuis sa source.<\/a><\/p>\n","protected":false},"excerpt":{"rendered":"<p>Les Rencontres du Printemps du Fonds mon\u00e9taire international (FMI) et la Banque mondiale sont bien parties. Cette semaine, Kristalina Georgieva, la directrice g\u00e9n\u00e9rale du FMI a annonc\u00e9 la cr\u00e9ation d\u2019un Fonds fiduciaire pour la r\u00e9silience et la durabilit\u00e9\u00a0 (FFRD), un financement au m\u00e9rite de 45 Md$ pour venir en aide aux pays impact\u00e9s par le [&hellip;]<\/p>\n","protected":false},"author":1772,"featured_media":0,"comment_status":"closed","ping_status":"closed","sticky":false,"template":"","format":"standard","meta":{"fifu_image_url":"http:\/\/www.leaders.com.tn\/uploads\/content\/thumbnails_small\/1650165380_article.jpg","fifu_image_alt":"Samir Trabelsi: Le FMI mobilise 45 Md$ pour la R\u00e9silience et la Durabilit\u00e9","footnotes":""},"categories":[73,55],"tags":[],"class_list":["post-145733","post","type-post","status-publish","format-standard","hentry","category-actualite","category-tunisie"],"_links":{"self":[{"href":"https:\/\/linitiative.ca\/International\/wp-json\/wp\/v2\/posts\/145733","targetHints":{"allow":["GET"]}}],"collection":[{"href":"https:\/\/linitiative.ca\/International\/wp-json\/wp\/v2\/posts"}],"about":[{"href":"https:\/\/linitiative.ca\/International\/wp-json\/wp\/v2\/types\/post"}],"author":[{"embeddable":true,"href":"https:\/\/linitiative.ca\/International\/wp-json\/wp\/v2\/users\/1772"}],"replies":[{"embeddable":true,"href":"https:\/\/linitiative.ca\/International\/wp-json\/wp\/v2\/comments?post=145733"}],"version-history":[{"count":0,"href":"https:\/\/linitiative.ca\/International\/wp-json\/wp\/v2\/posts\/145733\/revisions"}],"wp:attachment":[{"href":"https:\/\/linitiative.ca\/International\/wp-json\/wp\/v2\/media?parent=145733"}],"wp:term":[{"taxonomy":"category","embeddable":true,"href":"https:\/\/linitiative.ca\/International\/wp-json\/wp\/v2\/categories?post=145733"},{"taxonomy":"post_tag","embeddable":true,"href":"https:\/\/linitiative.ca\/International\/wp-json\/wp\/v2\/tags?post=145733"}],"curies":[{"name":"wp","href":"https:\/\/api.w.org\/{rel}","templated":true}]}}