{"id":145735,"date":"2022-04-17T06:32:14","date_gmt":"2022-04-17T10:32:14","guid":{"rendered":"https:\/\/linitiative.ca\/International\/le-maroc-condamne-lincursion-des-forces-doccupation-israelienne-dans-la-mosquee-al-aqsa-et-appelle-a-une-intervention-de-lonu\/"},"modified":"2022-04-17T06:32:14","modified_gmt":"2022-04-17T10:32:14","slug":"le-maroc-condamne-lincursion-des-forces-doccupation-israelienne-dans-la-mosquee-al-aqsa-et-appelle-a-une-intervention-de-lonu","status":"publish","type":"post","link":"https:\/\/linitiative.ca\/International\/le-maroc-condamne-lincursion-des-forces-doccupation-israelienne-dans-la-mosquee-al-aqsa-et-appelle-a-une-intervention-de-lonu\/","title":{"rendered":"Le Maroc condamne l\u2019incursion des forces d\u2019occupation isra\u00e9lienne dans la mosqu\u00e9e Al Aqsa et appelle \u00e0 une intervention de l\u2019ONU"},"content":{"rendered":"<div><img decoding=\"async\" width=\"864\" height=\"486\" src=\"https:\/\/linitiative.ca\/International\/wp-content\/uploads\/sites\/23\/2022\/04\/MOSQUEE.jpg\" class=\"attachment-post-thumbnail size-post-thumbnail wp-post-image\" alt=\"\" loading=\"lazy\" srcset=\"https:\/\/linitiative.ca\/International\/wp-content\/uploads\/sites\/23\/2022\/04\/MOSQUEE.jpg 864w, https:\/\/www.challenge.ma\/wp-content\/uploads\/2022\/04\/MOSQUEE-300x169.jpg 300w, https:\/\/www.challenge.ma\/wp-content\/uploads\/2022\/04\/MOSQUEE-768x432.jpg 768w, https:\/\/www.challenge.ma\/wp-content\/uploads\/2022\/04\/MOSQUEE-360x203.jpg 360w, https:\/\/www.challenge.ma\/wp-content\/uploads\/2022\/04\/MOSQUEE-750x422.jpg 750w\" sizes=\"auto, (max-width: 864px) 100vw, 864px\" itemprop=\"image\">Le Maroc a condamn\u00e9, hier samedi 16 avril, les attaques \u00ab des forces d\u2019occupation isra\u00e9liennes \u00bb contre les Palestiniens \u00e0 la mosqu\u00e9e Al-Aqsa, indique communiqu\u00e9 du Minist\u00e8re des Affaires Etrang\u00e8res. Le Maroc, dont le Souverain, SM le Roi Mohammed VI, pr\u00e9side le Comit\u00e9 Al Qods relevant de l\u2019Organisation de la<\/div>\n<p>Auteur: Adama Sylla<br \/>\n<a href=\"https:\/\/www.challenge.ma\/le-maroc-condamne-lincursion-des-forces-doccupation-israelienne-dans-la-mosquee-al-aqsa-et-appelle-a-une-intervention-de-lonu-236873\/\">Cliquez ici pour lire l&rsquo;article depuis sa source.<\/a><\/p>\n","protected":false},"excerpt":{"rendered":"<p>Le Maroc a condamn\u00e9, hier samedi 16 avril, les attaques \u00ab des forces d\u2019occupation isra\u00e9liennes \u00bb contre les Palestiniens \u00e0 la mosqu\u00e9e Al-Aqsa, indique communiqu\u00e9 du Minist\u00e8re des Affaires Etrang\u00e8res. Le Maroc, dont le Souverain, SM le Roi Mohammed VI, pr\u00e9side le Comit\u00e9 Al Qods relevant de l\u2019Organisation de la Auteur: Adama Sylla Cliquez ici [&hellip;]<\/p>\n","protected":false},"author":1787,"featured_media":0,"comment_status":"closed","ping_status":"closed","sticky":false,"template":"","format":"standard","meta":{"fifu_image_url":"https:\/\/www.challenge.ma\/wp-content\/uploads\/2022\/04\/MOSQUEE.jpg","fifu_image_alt":"Le Maroc condamne l\u2019incursion des forces d\u2019occupation isra\u00e9lienne dans la mosqu\u00e9e Al Aqsa et appelle \u00e0 une intervention de l\u2019ONU","footnotes":""},"categories":[78,54],"tags":[],"class_list":["post-145735","post","type-post","status-publish","format-standard","hentry","category-economie","category-maroc"],"_links":{"self":[{"href":"https:\/\/linitiative.ca\/International\/wp-json\/wp\/v2\/posts\/145735","targetHints":{"allow":["GET"]}}],"collection":[{"href":"https:\/\/linitiative.ca\/International\/wp-json\/wp\/v2\/posts"}],"about":[{"href":"https:\/\/linitiative.ca\/International\/wp-json\/wp\/v2\/types\/post"}],"author":[{"embeddable":true,"href":"https:\/\/linitiative.ca\/International\/wp-json\/wp\/v2\/users\/1787"}],"replies":[{"embeddable":true,"href":"https:\/\/linitiative.ca\/International\/wp-json\/wp\/v2\/comments?post=145735"}],"version-history":[{"count":0,"href":"https:\/\/linitiative.ca\/International\/wp-json\/wp\/v2\/posts\/145735\/revisions"}],"wp:attachment":[{"href":"https:\/\/linitiative.ca\/International\/wp-json\/wp\/v2\/media?parent=145735"}],"wp:term":[{"taxonomy":"category","embeddable":true,"href":"https:\/\/linitiative.ca\/International\/wp-json\/wp\/v2\/categories?post=145735"},{"taxonomy":"post_tag","embeddable":true,"href":"https:\/\/linitiative.ca\/International\/wp-json\/wp\/v2\/tags?post=145735"}],"curies":[{"name":"wp","href":"https:\/\/api.w.org\/{rel}","templated":true}]}}