{"id":145739,"date":"2022-04-17T09:05:18","date_gmt":"2022-04-17T13:05:18","guid":{"rendered":"https:\/\/linitiative.ca\/International\/nouveau-chantier-naval-de-casablanca-le-francais-naval-group-seul-en-course-pour-la-concession\/"},"modified":"2022-04-17T09:05:18","modified_gmt":"2022-04-17T13:05:18","slug":"nouveau-chantier-naval-de-casablanca-le-francais-naval-group-seul-en-course-pour-la-concession","status":"publish","type":"post","link":"https:\/\/linitiative.ca\/International\/nouveau-chantier-naval-de-casablanca-le-francais-naval-group-seul-en-course-pour-la-concession\/","title":{"rendered":"Nouveau chantier naval de Casablanca. Le fran\u00e7ais\u00a0 Naval Group seul en course pour la concession"},"content":{"rendered":"<div><img decoding=\"async\" width=\"800\" height=\"450\" src=\"https:\/\/linitiative.ca\/International\/wp-content\/uploads\/sites\/23\/2022\/04\/NAVAL-1.jpeg\" class=\"attachment-post-thumbnail size-post-thumbnail wp-post-image\" alt=\"\" loading=\"lazy\" srcset=\"https:\/\/linitiative.ca\/International\/wp-content\/uploads\/sites\/23\/2022\/04\/NAVAL-1.jpeg 800w, https:\/\/www.challenge.ma\/wp-content\/uploads\/2022\/04\/NAVAL-1-300x169.jpeg 300w, https:\/\/www.challenge.ma\/wp-content\/uploads\/2022\/04\/NAVAL-1-768x432.jpeg 768w, https:\/\/www.challenge.ma\/wp-content\/uploads\/2022\/04\/NAVAL-1-360x203.jpeg 360w, https:\/\/www.challenge.ma\/wp-content\/uploads\/2022\/04\/NAVAL-1-750x422.jpeg 750w\" sizes=\"auto, (max-width: 800px) 100vw, 800px\" itemprop=\"image\">Apr\u00e8s un premier appel d\u2019offres d\u00e9clar\u00e9 infructueux en d\u00e9cembre 2019 par l\u2019Agence Nationale des Ports (ANP), le groupe industriel fran\u00e7ais sp\u00e9cialis\u00e9 dans la construction navale de d\u00e9fense, Naval Group, reste seul dans la course pour d\u00e9crocher la concession du nouveau chantier naval de Casablanca, apr\u00e8s la disqualification de deux concurrents<\/div>\n<p>Auteur: Adama Sylla<br \/>\n<a href=\"https:\/\/www.challenge.ma\/nouveau-chantier-naval-de-casablanca-le-francais-naval-group-seul-en-course-pour-la-concession-236883\/\">Cliquez ici pour lire l&rsquo;article depuis sa source.<\/a><\/p>\n","protected":false},"excerpt":{"rendered":"<p>Apr\u00e8s un premier appel d\u2019offres d\u00e9clar\u00e9 infructueux en d\u00e9cembre 2019 par l\u2019Agence Nationale des Ports (ANP), le groupe industriel fran\u00e7ais sp\u00e9cialis\u00e9 dans la construction navale de d\u00e9fense, Naval Group, reste seul dans la course pour d\u00e9crocher la concession du nouveau chantier naval de Casablanca, apr\u00e8s la disqualification de deux concurrents Auteur: Adama Sylla Cliquez ici [&hellip;]<\/p>\n","protected":false},"author":1787,"featured_media":0,"comment_status":"closed","ping_status":"closed","sticky":false,"template":"","format":"standard","meta":{"fifu_image_url":"https:\/\/www.challenge.ma\/wp-content\/uploads\/2022\/04\/NAVAL-1.jpeg","fifu_image_alt":"Nouveau chantier naval de Casablanca. Le fran\u00e7ais\u00a0 Naval Group seul en course pour la concession","footnotes":""},"categories":[78,54],"tags":[],"class_list":["post-145739","post","type-post","status-publish","format-standard","hentry","category-economie","category-maroc"],"_links":{"self":[{"href":"https:\/\/linitiative.ca\/International\/wp-json\/wp\/v2\/posts\/145739","targetHints":{"allow":["GET"]}}],"collection":[{"href":"https:\/\/linitiative.ca\/International\/wp-json\/wp\/v2\/posts"}],"about":[{"href":"https:\/\/linitiative.ca\/International\/wp-json\/wp\/v2\/types\/post"}],"author":[{"embeddable":true,"href":"https:\/\/linitiative.ca\/International\/wp-json\/wp\/v2\/users\/1787"}],"replies":[{"embeddable":true,"href":"https:\/\/linitiative.ca\/International\/wp-json\/wp\/v2\/comments?post=145739"}],"version-history":[{"count":0,"href":"https:\/\/linitiative.ca\/International\/wp-json\/wp\/v2\/posts\/145739\/revisions"}],"wp:attachment":[{"href":"https:\/\/linitiative.ca\/International\/wp-json\/wp\/v2\/media?parent=145739"}],"wp:term":[{"taxonomy":"category","embeddable":true,"href":"https:\/\/linitiative.ca\/International\/wp-json\/wp\/v2\/categories?post=145739"},{"taxonomy":"post_tag","embeddable":true,"href":"https:\/\/linitiative.ca\/International\/wp-json\/wp\/v2\/tags?post=145739"}],"curies":[{"name":"wp","href":"https:\/\/api.w.org\/{rel}","templated":true}]}}