{"id":145741,"date":"2022-04-17T09:47:20","date_gmt":"2022-04-17T13:47:20","guid":{"rendered":"https:\/\/linitiative.ca\/International\/5-000-etudiants-marocains-rapatries-dukraine-vont-etudier-en-roumanie\/"},"modified":"2022-04-17T09:47:20","modified_gmt":"2022-04-17T13:47:20","slug":"5-000-etudiants-marocains-rapatries-dukraine-vont-etudier-en-roumanie","status":"publish","type":"post","link":"https:\/\/linitiative.ca\/International\/5-000-etudiants-marocains-rapatries-dukraine-vont-etudier-en-roumanie\/","title":{"rendered":"5 000 \u00e9tudiants marocains rapatri\u00e9s d\u2019Ukraine vont \u00e9tudier en Roumanie"},"content":{"rendered":"<div><img decoding=\"async\" width=\"946\" height=\"532\" src=\"https:\/\/linitiative.ca\/International\/wp-content\/uploads\/sites\/23\/2022\/04\/UKRAINE.jpeg\" class=\"attachment-post-thumbnail size-post-thumbnail wp-post-image\" alt=\"\" loading=\"lazy\" srcset=\"https:\/\/linitiative.ca\/International\/wp-content\/uploads\/sites\/23\/2022\/04\/UKRAINE.jpeg 946w, https:\/\/www.challenge.ma\/wp-content\/uploads\/2022\/04\/UKRAINE-300x169.jpeg 300w, https:\/\/www.challenge.ma\/wp-content\/uploads\/2022\/04\/UKRAINE-768x432.jpeg 768w, https:\/\/www.challenge.ma\/wp-content\/uploads\/2022\/04\/UKRAINE-360x202.jpeg 360w, https:\/\/www.challenge.ma\/wp-content\/uploads\/2022\/04\/UKRAINE-750x422.jpeg 750w\" sizes=\"auto, (max-width: 946px) 100vw, 946px\" itemprop=\"image\">Mission accomplie pour Abdellatif Miraoui en Roumanie. Le ministre de l\u2019Enseignement sup\u00e9rieur, de la recherche scientifique et de l\u2019innovation, a r\u00e9ussi \u00e0 conclure un accord de coop\u00e9ration avec son homologue roumain, Sorin C\u00eempeanu. La Roumanie a accept\u00e9 d\u2019offrir des places disponibles dans ses universit\u00e9s \u00e0 5 000 \u00e9tudiants marocains rapatri\u00e9s<\/div>\n<p>Auteur: Adama Sylla<br \/>\n<a href=\"https:\/\/www.challenge.ma\/5-000-etudiants-marocains-rapatries-dukraine-vont-etudier-en-roumanie-236888\/\">Cliquez ici pour lire l&rsquo;article depuis sa source.<\/a><\/p>\n","protected":false},"excerpt":{"rendered":"<p>Mission accomplie pour Abdellatif Miraoui en Roumanie. Le ministre de l\u2019Enseignement sup\u00e9rieur, de la recherche scientifique et de l\u2019innovation, a r\u00e9ussi \u00e0 conclure un accord de coop\u00e9ration avec son homologue roumain, Sorin C\u00eempeanu. La Roumanie a accept\u00e9 d\u2019offrir des places disponibles dans ses universit\u00e9s \u00e0 5 000 \u00e9tudiants marocains rapatri\u00e9s Auteur: Adama Sylla Cliquez ici [&hellip;]<\/p>\n","protected":false},"author":1787,"featured_media":0,"comment_status":"closed","ping_status":"closed","sticky":false,"template":"","format":"standard","meta":{"fifu_image_url":"https:\/\/www.challenge.ma\/wp-content\/uploads\/2022\/04\/UKRAINE.jpeg","fifu_image_alt":"5 000 \u00e9tudiants marocains rapatri\u00e9s d\u2019Ukraine vont \u00e9tudier en Roumanie","footnotes":""},"categories":[78,54],"tags":[],"class_list":["post-145741","post","type-post","status-publish","format-standard","hentry","category-economie","category-maroc"],"_links":{"self":[{"href":"https:\/\/linitiative.ca\/International\/wp-json\/wp\/v2\/posts\/145741","targetHints":{"allow":["GET"]}}],"collection":[{"href":"https:\/\/linitiative.ca\/International\/wp-json\/wp\/v2\/posts"}],"about":[{"href":"https:\/\/linitiative.ca\/International\/wp-json\/wp\/v2\/types\/post"}],"author":[{"embeddable":true,"href":"https:\/\/linitiative.ca\/International\/wp-json\/wp\/v2\/users\/1787"}],"replies":[{"embeddable":true,"href":"https:\/\/linitiative.ca\/International\/wp-json\/wp\/v2\/comments?post=145741"}],"version-history":[{"count":0,"href":"https:\/\/linitiative.ca\/International\/wp-json\/wp\/v2\/posts\/145741\/revisions"}],"wp:attachment":[{"href":"https:\/\/linitiative.ca\/International\/wp-json\/wp\/v2\/media?parent=145741"}],"wp:term":[{"taxonomy":"category","embeddable":true,"href":"https:\/\/linitiative.ca\/International\/wp-json\/wp\/v2\/categories?post=145741"},{"taxonomy":"post_tag","embeddable":true,"href":"https:\/\/linitiative.ca\/International\/wp-json\/wp\/v2\/tags?post=145741"}],"curies":[{"name":"wp","href":"https:\/\/api.w.org\/{rel}","templated":true}]}}