{"id":145750,"date":"2022-04-16T18:18:03","date_gmt":"2022-04-16T22:18:03","guid":{"rendered":"https:\/\/linitiative.ca\/International\/le-maroc-condamne-fermement-lincursion-des-forces-doccupation-israelienne-dans-la-mosquee-al-aqsa\/"},"modified":"2022-04-16T18:18:03","modified_gmt":"2022-04-16T22:18:03","slug":"le-maroc-condamne-fermement-lincursion-des-forces-doccupation-israelienne-dans-la-mosquee-al-aqsa","status":"publish","type":"post","link":"https:\/\/linitiative.ca\/International\/le-maroc-condamne-fermement-lincursion-des-forces-doccupation-israelienne-dans-la-mosquee-al-aqsa\/","title":{"rendered":"Le Maroc condamne fermement l\u2019incursion des forces d\u2019occupation isra\u00e9lienne dans la mosqu\u00e9e Al Aqsa"},"content":{"rendered":"<div>\n<p><img decoding=\"async\" width=\"337\" height=\"150\" src=\"https:\/\/linitiative.ca\/International\/wp-content\/uploads\/sites\/23\/2022\/04\/16501474837968.jpg\" class=\"attachment-post-thumbnail size-post-thumbnail wp-post-image\" alt=\"\" loading=\"lazy\" srcset=\"https:\/\/linitiative.ca\/International\/wp-content\/uploads\/sites\/23\/2022\/04\/16501474837968.jpg 337w, https:\/\/www.journalducameroun.com\/wp-content\/uploads\/2022\/04\/16501474837968-300x134.jpg 300w\" sizes=\"auto, (max-width: 337px) 100vw, 337px\"><\/p>\n<p>Le Maroc, dont le Roi Mohammed VI, pr\u00e9side le Comit\u00e9 Al Qods relevant de l&rsquo;Organisation de la Coop\u00e9ration Islamique, exprime sa ferme condamnation et sa forte d\u00e9nonciation de l&rsquo;incursion des forces d&rsquo;occupation isra\u00e9lienne dans la mosqu\u00e9e Al Aqsa, la fermeture de ses portes et l&rsquo;agression des fid\u00e8les d\u00e9sarm\u00e9s dans l&rsquo;enceinte de la mosqu\u00e9e et sur ses esplanades, causant nombre de bless\u00e9s.Dans un communiqu\u00e9, le minist\u00e8re marocain des Affaires \u00c9trang\u00e8res indique que le Royaume consid\u00e8re que cette agression flagrante et cette provocation m\u00e9thodique durant le mois sacr\u00e9 du Ramadan contre le caract\u00e8re sacr\u00e9 de la mosqu\u00e9e et sa place dans le c\u0153ur de la Oumma islamique ne fera qu&rsquo;attiser les sentiments de haine et d&rsquo;extr\u00e9misme et r\u00e9duire \u00e0 n\u00e9ant les chances de relance du processus de paix dans la r\u00e9gion.<\/p>\n<p>Le Maroc appelle les Nations Unies et la communaut\u00e9 internationale \u00e0 intervenir d&rsquo;urgence pour mettre un terme \u00e0 ces violations et agressions contre le peuple palestinien d\u00e9sarm\u00e9 et ses valeurs sacr\u00e9es, ajoute la m\u00eame source.<\/p>\n<p>Sur instructions du Roi Mohammed VI, cette condamnation et cette d\u00e9nonciation ont \u00e9t\u00e9 communiqu\u00e9es directement au chef du bureau de liaison isra\u00e9lien \u00e0 Rabat, conclut le communiqu\u00e9.<\/p>\n<p>Cet article <a rel=\"nofollow\" href=\"https:\/\/www.journalducameroun.com\/le-maroc-condamne-fermement-lincursion-des-forces-doccupation-israelienne-dans-la-mosquee-al-aqsa\/\">Le Maroc condamne fermement l\u2019incursion des forces d\u2019occupation isra\u00e9lienne dans la mosqu\u00e9e Al Aqsa<\/a> est apparu en premier sur <a rel=\"nofollow\" href=\"https:\/\/www.journalducameroun.com\/\">Journal du Cameroun<\/a>.<\/p>\n<\/div>\n<p>Auteur: APA News<br \/>\n<a href=\"https:\/\/www.journalducameroun.com\/le-maroc-condamne-fermement-lincursion-des-forces-doccupation-israelienne-dans-la-mosquee-al-aqsa\/\">Cliquez ici pour lire l&rsquo;article depuis sa source.<\/a><\/p>\n","protected":false},"excerpt":{"rendered":"<p>Le Maroc, dont le Roi Mohammed VI, pr\u00e9side le Comit\u00e9 Al Qods relevant de l&rsquo;Organisation de la Coop\u00e9ration Islamique, exprime sa ferme condamnation et sa forte d\u00e9nonciation de l&rsquo;incursion des forces d&rsquo;occupation isra\u00e9lienne dans la mosqu\u00e9e Al Aqsa, la fermeture de ses portes et l&rsquo;agression des fid\u00e8les d\u00e9sarm\u00e9s dans l&rsquo;enceinte de la mosqu\u00e9e et sur [&hellip;]<\/p>\n","protected":false},"author":1965,"featured_media":0,"comment_status":"closed","ping_status":"closed","sticky":false,"template":"","format":"standard","meta":{"fifu_image_url":"https:\/\/www.journalducameroun.com\/wp-content\/uploads\/2022\/04\/16501474837968.jpg","fifu_image_alt":"Le Maroc condamne fermement l\u2019incursion des forces d\u2019occupation isra\u00e9lienne dans la mosqu\u00e9e Al Aqsa","footnotes":""},"categories":[73,82],"tags":[],"class_list":["post-145750","post","type-post","status-publish","format-standard","hentry","category-actualite","category-cameroun"],"_links":{"self":[{"href":"https:\/\/linitiative.ca\/International\/wp-json\/wp\/v2\/posts\/145750","targetHints":{"allow":["GET"]}}],"collection":[{"href":"https:\/\/linitiative.ca\/International\/wp-json\/wp\/v2\/posts"}],"about":[{"href":"https:\/\/linitiative.ca\/International\/wp-json\/wp\/v2\/types\/post"}],"author":[{"embeddable":true,"href":"https:\/\/linitiative.ca\/International\/wp-json\/wp\/v2\/users\/1965"}],"replies":[{"embeddable":true,"href":"https:\/\/linitiative.ca\/International\/wp-json\/wp\/v2\/comments?post=145750"}],"version-history":[{"count":0,"href":"https:\/\/linitiative.ca\/International\/wp-json\/wp\/v2\/posts\/145750\/revisions"}],"wp:attachment":[{"href":"https:\/\/linitiative.ca\/International\/wp-json\/wp\/v2\/media?parent=145750"}],"wp:term":[{"taxonomy":"category","embeddable":true,"href":"https:\/\/linitiative.ca\/International\/wp-json\/wp\/v2\/categories?post=145750"},{"taxonomy":"post_tag","embeddable":true,"href":"https:\/\/linitiative.ca\/International\/wp-json\/wp\/v2\/tags?post=145750"}],"curies":[{"name":"wp","href":"https:\/\/api.w.org\/{rel}","templated":true}]}}