{"id":145754,"date":"2022-04-17T09:06:37","date_gmt":"2022-04-17T13:06:37","guid":{"rendered":"https:\/\/linitiative.ca\/International\/les-etats-unis-accordent-lasile-temporaire-a-des-immigrants-camerounais\/"},"modified":"2022-04-17T09:06:37","modified_gmt":"2022-04-17T13:06:37","slug":"les-etats-unis-accordent-lasile-temporaire-a-des-immigrants-camerounais","status":"publish","type":"post","link":"https:\/\/linitiative.ca\/International\/les-etats-unis-accordent-lasile-temporaire-a-des-immigrants-camerounais\/","title":{"rendered":"Les Etats-Unis accordent l\u2019asile temporaire \u00e0 des immigrants camerounais"},"content":{"rendered":"<div>\n<p><img decoding=\"async\" width=\"1200\" height=\"800\" src=\"https:\/\/linitiative.ca\/International\/wp-content\/uploads\/sites\/23\/2022\/04\/resize.jpeg\" class=\"attachment-post-thumbnail size-post-thumbnail wp-post-image\" alt=\"\" loading=\"lazy\" srcset=\"https:\/\/linitiative.ca\/International\/wp-content\/uploads\/sites\/23\/2022\/04\/resize.jpeg 1200w, https:\/\/www.journalducameroun.com\/wp-content\/uploads\/2022\/04\/resize-300x200.jpeg 300w, https:\/\/www.journalducameroun.com\/wp-content\/uploads\/2022\/04\/resize-1024x683.jpeg 1024w, https:\/\/www.journalducameroun.com\/wp-content\/uploads\/2022\/04\/resize-768x512.jpeg 768w, https:\/\/www.journalducameroun.com\/wp-content\/uploads\/2022\/04\/resize-660x440.jpeg 660w, https:\/\/www.journalducameroun.com\/wp-content\/uploads\/2022\/04\/resize-600x400.jpeg 600w\" sizes=\"auto, (max-width: 1200px) 100vw, 1200px\"><\/p>\n<h2 style=\"text-align: justify;\">Le Secr\u00e9taire \u00e0 la S\u00e9curit\u00e9 int\u00e9rieure, Alejandro Mayorkas, a accord\u00e9 leur a accord\u00e9 une protection temporaire, le 15 avril dernier, permettant ainsi de rester dans le pays pendant 18 mois et de demander un permis de travail.<\/h2>\n<p style=\"text-align: justify;\">Seuls les Camerounais vivant aux <strong>Etats-Unis<\/strong> au 14 avril sont \u00e9ligibles au <strong>Statut de Protection Temporaire, TPS<\/strong>, dont b\u00e9n\u00e9ficient g\u00e9n\u00e9ralement les immigrants sans papiers et ceux dont les visas arrivent \u00e0 expiration.<\/p>\n<p style=\"text-align: justify;\">Une loi sur <strong>l&rsquo;immigration<\/strong> de 1990 autorise le DHS \u00e0 accorder une protection aux personnes issues de pays confront\u00e9s \u00e0 la guerre, \u00e0 des catastrophes naturelles et \u00e0 d&rsquo;autres conditions extraordinaires et temporaires.<\/p>\n<p style=\"text-align: justify;\">Dans la d\u00e9cision \u00e0 l&rsquo;endroit des Camerounais, le DHS a cit\u00e9 le conflit arm\u00e9 qui dure depuis des ann\u00e9es dans les r\u00e9gions du Nord-Ouest et Sud-Ouest du pays et une augmentation significative des attaques du groupe terroriste Boko Haram, op\u00e9rant dans la r\u00e9gion de l&rsquo;Extr\u00eame-Nord.<\/p>\n<p style=\"text-align: justify;\">Des responsables am\u00e9ricains ont d\u00e9clar\u00e9 que des centaines de milliers de Camerounais d\u00e9plac\u00e9s n&rsquo;avaient pas acc\u00e8s \u00e0 des services essentiels tels que des soins de sant\u00e9 et l&rsquo;\u00e9ducation, et que la violence avait d\u00e9clench\u00e9 une \u00ab\u00a0crise humanitaire\u00a0\u00bb d&rsquo;ins\u00e9curit\u00e9 \u00e9conomique et alimentaire\u00a0\u00bb.<\/p>\n<p style=\"text-align: justify;\">Alejandro Mayorkas a d\u00e9clar\u00e9 que les conditions rendaient dangereux le retour des Camerounais chez eux.<\/p>\n<p style=\"text-align: justify;\"><em>\u00ab\u00a0Les \u00c9tats-Unis reconnaissent le conflit arm\u00e9 en cours au Cameroun et nous fournirons une protection temporaire \u00e0 ceux qui en ont besoin\u00a0\u00bb,<\/em> a-t-il d\u00e9clar\u00e9 dans un communiqu\u00e9.<\/p>\n<p style=\"text-align: justify;\"><em>\u00ab\u00a0Les ressortissants camerounais r\u00e9sidant actuellement aux \u00c9tats-Unis qui ne peuvent pas rentrer en toute s\u00e9curit\u00e9 en raison de la violence extr\u00eame perp\u00e9tr\u00e9e par les forces gouvernementales et les s\u00e9paratistes arm\u00e9s, et l&rsquo;augmentation des attaques men\u00e9es par Boko Haram, pourront rester et travailler aux \u00c9tats-Unis jusqu&rsquo;\u00e0 ce que les conditions dans leur pays d&rsquo;origine s&rsquo;am\u00e9liorent\u00a0\u00bb<\/em> renseigne la d\u00e9cision.<\/p>\n<p style=\"text-align: justify;\">Cette d\u00e9signation ajoute pour la premi\u00e8re fois le Cameroun \u00e0 une liste croissante de pays tels que le Soudan, Ha\u00efti et l&rsquo;Ukraine vers lesquels Alejandro Mayorkas a utilis\u00e9 son autorit\u00e9 ex\u00e9cutive pour emp\u00eacher l&rsquo;expulsion d&rsquo;immigr\u00e9s. Le DHS a estim\u00e9 vendredi qu&rsquo;environ 11.700 Camerounais seront \u00e9ligibles pour demander la protection.<\/p>\n<p style=\"text-align: justify;\">La d\u00e9signation prend effet lorsque l&rsquo;avis est publi\u00e9 dans le Federal Register, et les candidats doivent payer des frais et des v\u00e9rifications d&rsquo;ant\u00e9c\u00e9dents.<\/p>\n<p style=\"text-align: justify;\">Le statut temporaire offre une certaine stabilit\u00e9 aux Camerounais qui sont dans l&rsquo;incertitude depuis des ann\u00e9es, mais il est loin du statut juridique permanent que beaucoup esp\u00e9raient sous l&rsquo;administration Biden.<\/p>\n<p style=\"text-align: justify;\">Le pr\u00e9sident Joe Biden a envoy\u00e9 un projet de loi au Congr\u00e8s qui cr\u00e9erait une voie vers la citoyennet\u00e9 pour les quelques 11 millions d&rsquo;immigr\u00e9s sans papiers, y compris les Camerounais, aux \u00c9tats-Unis, mais la mesure a gagn\u00e9 peu de terrain au Congr\u00e8s dans un contexte de frustration face \u00e0 un afflux record de migrants, \u00e0 la fronti\u00e8re am\u00e9ricano-mexicaine cette ann\u00e9e.<\/p>\n<p style=\"text-align: justify;\">L&rsquo;administration Trump avait tent\u00e9 de r\u00e9duire consid\u00e9rablement l&rsquo;utilisation du statut de protection temporaire, se plaignant qu&rsquo;il est souvent prolong\u00e9 longtemps apr\u00e8s la fin de l&rsquo;urgence initiale. Les Salvadoriens, le plus grand groupe avec TPS, ont le statut depuis 2001.<\/p>\n<p style=\"text-align: justify;\">La Conf\u00e9rence des dirigeants sur les droits civils et humains, une coalition de plus de 230 organisations nationales, a appel\u00e9 \u00e0 la \u00abd\u00e9signation imm\u00e9diate du TPS pour le Cameroun en f\u00e9vrier. Il a cit\u00e9 un rapport de Human Rights Watch, qui a r\u00e9v\u00e9l\u00e9 que les forces de s\u00e9curit\u00e9 gouvernementales et d&rsquo;autres ont soumis des immigrants expuls\u00e9s et les membres de leurs familles \u00e0 des passages \u00e0 tabac, \u00e0 l&rsquo;extorsion et au viol de 2019 \u00e0 2021.<\/p>\n<p>Cet article <a rel=\"nofollow\" href=\"https:\/\/www.journalducameroun.com\/les-etats-unis-accordent-lasile-temporaire-a-des-immigrants-camerounais\/\">Les Etats-Unis accordent l\u2019asile temporaire \u00e0 des immigrants camerounais<\/a> est apparu en premier sur <a rel=\"nofollow\" href=\"https:\/\/www.journalducameroun.com\/\">Journal du Cameroun<\/a>.<\/p>\n<\/div>\n<p>Auteur: Paul Wandji<br \/>\n<a href=\"https:\/\/www.journalducameroun.com\/les-etats-unis-accordent-lasile-temporaire-a-des-immigrants-camerounais\/\">Cliquez ici pour lire l&rsquo;article depuis sa source.<\/a><\/p>\n","protected":false},"excerpt":{"rendered":"<p>Le Secr\u00e9taire \u00e0 la S\u00e9curit\u00e9 int\u00e9rieure, Alejandro Mayorkas, a accord\u00e9 leur a accord\u00e9 une protection temporaire, le 15 avril dernier, permettant ainsi de rester dans le pays pendant 18 mois et de demander un permis de travail. Seuls les Camerounais vivant aux Etats-Unis au 14 avril sont \u00e9ligibles au Statut de Protection Temporaire, TPS, dont [&hellip;]<\/p>\n","protected":false},"author":1965,"featured_media":0,"comment_status":"closed","ping_status":"closed","sticky":false,"template":"","format":"standard","meta":{"fifu_image_url":"https:\/\/www.journalducameroun.com\/wp-content\/uploads\/2022\/04\/resize.jpeg","fifu_image_alt":"Les Etats-Unis accordent l\u2019asile temporaire \u00e0 des immigrants camerounais","footnotes":""},"categories":[73,82],"tags":[],"class_list":["post-145754","post","type-post","status-publish","format-standard","hentry","category-actualite","category-cameroun"],"_links":{"self":[{"href":"https:\/\/linitiative.ca\/International\/wp-json\/wp\/v2\/posts\/145754","targetHints":{"allow":["GET"]}}],"collection":[{"href":"https:\/\/linitiative.ca\/International\/wp-json\/wp\/v2\/posts"}],"about":[{"href":"https:\/\/linitiative.ca\/International\/wp-json\/wp\/v2\/types\/post"}],"author":[{"embeddable":true,"href":"https:\/\/linitiative.ca\/International\/wp-json\/wp\/v2\/users\/1965"}],"replies":[{"embeddable":true,"href":"https:\/\/linitiative.ca\/International\/wp-json\/wp\/v2\/comments?post=145754"}],"version-history":[{"count":0,"href":"https:\/\/linitiative.ca\/International\/wp-json\/wp\/v2\/posts\/145754\/revisions"}],"wp:attachment":[{"href":"https:\/\/linitiative.ca\/International\/wp-json\/wp\/v2\/media?parent=145754"}],"wp:term":[{"taxonomy":"category","embeddable":true,"href":"https:\/\/linitiative.ca\/International\/wp-json\/wp\/v2\/categories?post=145754"},{"taxonomy":"post_tag","embeddable":true,"href":"https:\/\/linitiative.ca\/International\/wp-json\/wp\/v2\/tags?post=145754"}],"curies":[{"name":"wp","href":"https:\/\/api.w.org\/{rel}","templated":true}]}}