{"id":145756,"date":"2022-04-17T14:18:03","date_gmt":"2022-04-17T18:18:03","guid":{"rendered":"https:\/\/linitiative.ca\/International\/rca-arrivee-de-la-force-de-reaction-rapide-du-senegal\/"},"modified":"2022-04-17T14:18:03","modified_gmt":"2022-04-17T18:18:03","slug":"rca-arrivee-de-la-force-de-reaction-rapide-du-senegal","status":"publish","type":"post","link":"https:\/\/linitiative.ca\/International\/rca-arrivee-de-la-force-de-reaction-rapide-du-senegal\/","title":{"rendered":"RCA : arriv\u00e9e de la force de r\u00e9action rapide du S\u00e9n\u00e9gal"},"content":{"rendered":"<div>\n<p><img decoding=\"async\" width=\"2500\" height=\"1667\" src=\"https:\/\/linitiative.ca\/International\/wp-content\/uploads\/sites\/23\/2022\/04\/16502194847213.jpg\" class=\"attachment-post-thumbnail size-post-thumbnail wp-post-image\" alt=\"\" loading=\"lazy\" srcset=\"https:\/\/linitiative.ca\/International\/wp-content\/uploads\/sites\/23\/2022\/04\/16502194847213.jpg 2500w, https:\/\/www.journalducameroun.com\/wp-content\/uploads\/2022\/04\/16502194847213-300x200.jpg 300w, https:\/\/www.journalducameroun.com\/wp-content\/uploads\/2022\/04\/16502194847213-1024x683.jpg 1024w, https:\/\/www.journalducameroun.com\/wp-content\/uploads\/2022\/04\/16502194847213-768x512.jpg 768w, https:\/\/www.journalducameroun.com\/wp-content\/uploads\/2022\/04\/16502194847213-1536x1024.jpg 1536w, https:\/\/www.journalducameroun.com\/wp-content\/uploads\/2022\/04\/16502194847213-2048x1366.jpg 2048w, https:\/\/www.journalducameroun.com\/wp-content\/uploads\/2022\/04\/16502194847213-660x440.jpg 660w, https:\/\/www.journalducameroun.com\/wp-content\/uploads\/2022\/04\/16502194847213-600x400.jpg 600w\" sizes=\"auto, (max-width: 2500px) 100vw, 2500px\"><\/p>\n<p>L&rsquo;envoi de ces 162 Casques bleus s&rsquo;inscrit dans le cadre de la r\u00e9solution 2566 qui autorise l&rsquo;accroissement des effectifs de la force de la Mission multidimensionnelle int\u00e9gr\u00e9e des Nations Unies pour la stabilisation en Centrafrique (Minusca).L&rsquo;avion transportant les soldats de la force de r\u00e9action rapide du S\u00e9n\u00e9gal a atterri, hier samedi, \u00e0 l&rsquo;a\u00e9roport international Mpoko de Bangui. Venu accueillir les Casques bleus, le G\u00e9n\u00e9ral St\u00e9phane Marchenoir, Chef d&rsquo;\u00e9tat-major de la force de la Minusca, a d\u00e9clar\u00e9 : \u00ab Ils vont \u00eatre engag\u00e9s sous les ordres de ce qu&rsquo;on appelle un commandant de secteur\u00a0et\u00a0employ\u00e9s\u00a0partout dans le secteur en suivant les missions qui leur seront donn\u00e9es\u00a0\u00bb.<\/p>\n<p>Cette unit\u00e9 de l&rsquo;arm\u00e9e s\u00e9n\u00e9galaise sera bas\u00e9e \u00e0 Bouar, dans l&rsquo;Ouest de la R\u00e9publique centrafricaine. Elle est cens\u00e9e augmenter la capacit\u00e9 op\u00e9rationnelle de la Minusca.<\/p>\n<p>Cet article <a rel=\"nofollow\" href=\"https:\/\/www.journalducameroun.com\/rca-arrivee-de-la-force-de-reaction-rapide-du-senegal\/\">RCA : arriv\u00e9e de la force de r\u00e9action rapide du S\u00e9n\u00e9gal<\/a> est apparu en premier sur <a rel=\"nofollow\" href=\"https:\/\/www.journalducameroun.com\/\">Journal du Cameroun<\/a>.<\/p>\n<\/div>\n<p>Auteur: APA News<br \/>\n<a href=\"https:\/\/www.journalducameroun.com\/rca-arrivee-de-la-force-de-reaction-rapide-du-senegal\/\">Cliquez ici pour lire l&rsquo;article depuis sa source.<\/a><\/p>\n","protected":false},"excerpt":{"rendered":"<p>L&rsquo;envoi de ces 162 Casques bleus s&rsquo;inscrit dans le cadre de la r\u00e9solution 2566 qui autorise l&rsquo;accroissement des effectifs de la force de la Mission multidimensionnelle int\u00e9gr\u00e9e des Nations Unies pour la stabilisation en Centrafrique (Minusca).L&rsquo;avion transportant les soldats de la force de r\u00e9action rapide du S\u00e9n\u00e9gal a atterri, hier samedi, \u00e0 l&rsquo;a\u00e9roport international Mpoko [&hellip;]<\/p>\n","protected":false},"author":1965,"featured_media":0,"comment_status":"closed","ping_status":"closed","sticky":false,"template":"","format":"standard","meta":{"fifu_image_url":"https:\/\/www.journalducameroun.com\/wp-content\/uploads\/2022\/04\/16502194847213.jpg","fifu_image_alt":"RCA : arriv\u00e9e de la force de r\u00e9action rapide du S\u00e9n\u00e9gal","footnotes":""},"categories":[73,82],"tags":[],"class_list":["post-145756","post","type-post","status-publish","format-standard","hentry","category-actualite","category-cameroun"],"_links":{"self":[{"href":"https:\/\/linitiative.ca\/International\/wp-json\/wp\/v2\/posts\/145756","targetHints":{"allow":["GET"]}}],"collection":[{"href":"https:\/\/linitiative.ca\/International\/wp-json\/wp\/v2\/posts"}],"about":[{"href":"https:\/\/linitiative.ca\/International\/wp-json\/wp\/v2\/types\/post"}],"author":[{"embeddable":true,"href":"https:\/\/linitiative.ca\/International\/wp-json\/wp\/v2\/users\/1965"}],"replies":[{"embeddable":true,"href":"https:\/\/linitiative.ca\/International\/wp-json\/wp\/v2\/comments?post=145756"}],"version-history":[{"count":0,"href":"https:\/\/linitiative.ca\/International\/wp-json\/wp\/v2\/posts\/145756\/revisions"}],"wp:attachment":[{"href":"https:\/\/linitiative.ca\/International\/wp-json\/wp\/v2\/media?parent=145756"}],"wp:term":[{"taxonomy":"category","embeddable":true,"href":"https:\/\/linitiative.ca\/International\/wp-json\/wp\/v2\/categories?post=145756"},{"taxonomy":"post_tag","embeddable":true,"href":"https:\/\/linitiative.ca\/International\/wp-json\/wp\/v2\/tags?post=145756"}],"curies":[{"name":"wp","href":"https:\/\/api.w.org\/{rel}","templated":true}]}}