{"id":145762,"date":"2022-04-18T08:25:38","date_gmt":"2022-04-18T12:25:38","guid":{"rendered":"https:\/\/linitiative.ca\/International\/13-lots-attribues-par-masen\/"},"modified":"2022-04-18T08:25:38","modified_gmt":"2022-04-18T12:25:38","slug":"13-lots-attribues-par-masen","status":"publish","type":"post","link":"https:\/\/linitiative.ca\/International\/13-lots-attribues-par-masen\/","title":{"rendered":"13 lots attribu\u00e9s par Masen"},"content":{"rendered":"<div>\n<p><img decoding=\"async\" width=\"300\" height=\"153\" src=\"https:\/\/linitiative.ca\/International\/wp-content\/uploads\/sites\/23\/2022\/04\/Noor-PV-II-300x153-1.png\" class=\"attachment-medium size-medium wp-post-image\" alt=\"\" loading=\"lazy\" srcset=\"https:\/\/linitiative.ca\/International\/wp-content\/uploads\/sites\/23\/2022\/04\/Noor-PV-II-300x153-1.png 300w, https:\/\/aujourdhui.ma\/wp-content\/uploads\/2022\/04\/Noor-PV-II-274x140.png 274w, https:\/\/aujourdhui.ma\/wp-content\/uploads\/2022\/04\/Noor-PV-II.png 746w, https:\/\/aujourdhui.ma\/wp-content\/uploads\/2022\/04\/Noor-PV-II-165x84.png 165w, https:\/\/aujourdhui.ma\/wp-content\/uploads\/2022\/04\/Noor-PV-II-702x358.png 702w\" sizes=\"auto, (max-width: 300px) 100vw, 300px\"><\/p>\n<p><span style=\"color: #800000;\"><strong>Phase I du programme Noor PV II<\/strong><\/span><span id=\"more-405484\"><\/span><\/p>\n<p>Le Plan Noor poursuit son d\u00e9ploiement. Les lots relatifs au programme solaire photovolta\u00efque Noor PV II ont \u00e9t\u00e9 attribu\u00e9s par Masen et ce conform\u00e9ment aux dispositions de la loi 13-19. \u00abAfin d\u2019encourager la mise en \u0153uvre de projets solaires dans le cadre de la loi n\u00b0 13-09 impliquant des op\u00e9rateurs priv\u00e9s, MASEN et le minist\u00e8re de la transition \u00e9nerg\u00e9tique et du d\u00e9veloppement durable (MTEDD) ont convenu de lancer un Programme d\u2019allocation de capacit\u00e9s dans des sites qualifi\u00e9s qui seront mis \u00e0 disposition par MASEN pour le d\u00e9veloppement de projets photovolta\u00efques, d\u2019une puissance totale pouvant atteindre 400 MW.<\/p>\n<p>Ce programme constitue la premi\u00e8re phase de Noor PV II\u00bb, rel\u00e8ve-t-on de Masen. Et de pr\u00e9ciser que \u00abdans le cadre de l\u2019appel \u00e0 projets relatif \u00e0 ce programme, et suite \u00e0 l\u2019ouverture des offres des soumissionnaires, le 30 septembre 2021, il a \u00e9t\u00e9 proc\u00e9d\u00e9 \u00e0 l\u2019attribution de 13 lots (sur les 14 que compte le Programme) r\u00e9partis sur 7 sites pour une capacit\u00e9 totale de 333 MW\u00bb. Conform\u00e9ment au cahier des charges relatif \u00e0 ce programme, l\u2019attribution de ces lots aux quatre soumissionnaires retenus s\u2019est bas\u00e9e sur le plan d\u2019int\u00e9gration industrielle, le contenu local et la contribution au d\u00e9veloppement \u00e9conomique et social de la zone d\u2019implantation des centrales propos\u00e9es par chaque soumissionnaire.<\/p>\n<p>Parmi les adjudicataires on retrouve Taqa Morocco pour les site de Sidi Bennour (48 MW) et Kelaa Sraghna (48 MW). Le site de Bejaad (48 MW) est soumissionn\u00e9 \u00e0 Enel Green Power Morocco. Amea Power est par ailleurs adjudicataire des sites de Taroudant (36 MW) et El Hajeb (36 MW). Voltalia Maroc pilotera les sites de Guercif (48 MW) et Ain Beni Mathar (69 MW). Il est \u00e0 noter que ce programme viendra ainsi renforcer les capacit\u00e9s \u00e9lectriques en ad\u00e9quation avec le potentiel \u00e9conomique des zones concern\u00e9es. Pour rappel, les sept sites retenus pour ce Programme ont \u00e9t\u00e9 choisis et qualifi\u00e9s par MASEN compte tenu de plusieurs crit\u00e8res, notamment l\u2019ad\u00e9quation avec la technologie solaire PV, l\u2019accessibilit\u00e9, la topographie et l\u2019impact socio\u00e9conomique du projet sur le territoire d\u2019implantation.<\/p>\n<\/div>\n<p>Auteur: ALM<br \/>\n<a href=\"https:\/\/aujourdhui.ma\/economie\/13-lots-attribues-par-masen\">Cliquez ici pour lire l&rsquo;article depuis sa source.<\/a><\/p>\n","protected":false},"excerpt":{"rendered":"<p>Phase I du programme Noor PV II Le Plan Noor poursuit son d\u00e9ploiement. Les lots relatifs au programme solaire photovolta\u00efque Noor PV II ont \u00e9t\u00e9 attribu\u00e9s par Masen et ce conform\u00e9ment aux dispositions de la loi 13-19. \u00abAfin d\u2019encourager la mise en \u0153uvre de projets solaires dans le cadre de la loi n\u00b0 13-09 impliquant [&hellip;]<\/p>\n","protected":false},"author":1759,"featured_media":0,"comment_status":"closed","ping_status":"closed","sticky":false,"template":"","format":"standard","meta":{"fifu_image_url":"https:\/\/aujourdhui.ma\/wp-content\/uploads\/2022\/04\/Noor-PV-II-300x153.png","fifu_image_alt":"13 lots attribu\u00e9s par Masen","footnotes":""},"categories":[73,54],"tags":[],"class_list":["post-145762","post","type-post","status-publish","format-standard","hentry","category-actualite","category-maroc"],"_links":{"self":[{"href":"https:\/\/linitiative.ca\/International\/wp-json\/wp\/v2\/posts\/145762","targetHints":{"allow":["GET"]}}],"collection":[{"href":"https:\/\/linitiative.ca\/International\/wp-json\/wp\/v2\/posts"}],"about":[{"href":"https:\/\/linitiative.ca\/International\/wp-json\/wp\/v2\/types\/post"}],"author":[{"embeddable":true,"href":"https:\/\/linitiative.ca\/International\/wp-json\/wp\/v2\/users\/1759"}],"replies":[{"embeddable":true,"href":"https:\/\/linitiative.ca\/International\/wp-json\/wp\/v2\/comments?post=145762"}],"version-history":[{"count":0,"href":"https:\/\/linitiative.ca\/International\/wp-json\/wp\/v2\/posts\/145762\/revisions"}],"wp:attachment":[{"href":"https:\/\/linitiative.ca\/International\/wp-json\/wp\/v2\/media?parent=145762"}],"wp:term":[{"taxonomy":"category","embeddable":true,"href":"https:\/\/linitiative.ca\/International\/wp-json\/wp\/v2\/categories?post=145762"},{"taxonomy":"post_tag","embeddable":true,"href":"https:\/\/linitiative.ca\/International\/wp-json\/wp\/v2\/tags?post=145762"}],"curies":[{"name":"wp","href":"https:\/\/api.w.org\/{rel}","templated":true}]}}