{"id":145764,"date":"2022-04-18T09:18:47","date_gmt":"2022-04-18T13:18:47","guid":{"rendered":"https:\/\/linitiative.ca\/International\/m-akhannouch-une-croissance-economique-entre-15-et-17-prevue-en-2022\/"},"modified":"2022-04-18T09:18:47","modified_gmt":"2022-04-18T13:18:47","slug":"m-akhannouch-une-croissance-economique-entre-15-et-17-prevue-en-2022","status":"publish","type":"post","link":"https:\/\/linitiative.ca\/International\/m-akhannouch-une-croissance-economique-entre-15-et-17-prevue-en-2022\/","title":{"rendered":"M. Akhannouch : une croissance \u00e9conomique entre 1,5% et 1,7% pr\u00e9vue en 2022\u00a0"},"content":{"rendered":"<div>\n<p><img decoding=\"async\" width=\"300\" height=\"153\" src=\"https:\/\/linitiative.ca\/International\/wp-content\/uploads\/sites\/23\/2022\/04\/Akhannouch-300x153-1.png\" class=\"attachment-medium size-medium wp-post-image\" alt=\"\" loading=\"lazy\" srcset=\"https:\/\/linitiative.ca\/International\/wp-content\/uploads\/sites\/23\/2022\/04\/Akhannouch-300x153-1.png 300w, https:\/\/aujourdhui.ma\/wp-content\/uploads\/2022\/04\/Akhannouch-274x140.png 274w, https:\/\/aujourdhui.ma\/wp-content\/uploads\/2022\/04\/Akhannouch.png 746w, https:\/\/aujourdhui.ma\/wp-content\/uploads\/2022\/04\/Akhannouch-165x84.png 165w, https:\/\/aujourdhui.ma\/wp-content\/uploads\/2022\/04\/Akhannouch-702x358.png 702w\" sizes=\"auto, (max-width: 300px) 100vw, 300px\"><\/p>\n<p><span style=\"color: #800000;\"><strong>L\u2019\u00e9conomie marocaine devrait enregistrer un taux de croissance entre 1,5% et 1,7% en 2022, au lieu d\u2019une progression de 3,2%, comme pr\u00e9vu au niveau de la loi des finances, a indiqu\u00e9, lundi, le Chef du gouvernement, Aziz Akhannouch.<\/strong><\/span><span id=\"more-405487\"><\/span><\/p>\n<p>\u00ab\u00a0Selon les donn\u00e9es actuelles, qui prennent en consid\u00e9ration les derniers d\u00e9veloppements au niveaux national et international, le Maroc devrait enregistrer un taux de croissance oscillant entre 1,5% et 1,7%\u00a0\u00bb, a fait savoir M. Akhannouch qui r\u00e9pondait \u00e0 une question centrale \u00e0 la Chambre des Repr\u00e9sentants sur \u00ab\u00a0la situation de l\u2019\u00e9conomie nationale \u00e0 l\u2019aune des changements climatiques et g\u00e9ostrat\u00e9giques\u00a0\u00bb, lors d\u2019une s\u00e9ance pl\u00e9ni\u00e8re consacr\u00e9e aux questions orales mensuelles adress\u00e9es au chef du gouvernement. Ce niveau de croissance pr\u00e9vu, recouvre, principalement, le recul de la valeur ajout\u00e9e agricole de 11%, contre une hausse de 18% au cours de la pr\u00e9c\u00e9dente campagne agricole, a expliqu\u00e9 M. Akhannouch.<\/p>\n<p>\u00a0<\/p>\n<\/div>\n<p>Auteur: ALM<br \/>\n<a href=\"https:\/\/aujourdhui.ma\/actualite\/m-akhannouch-une-croissance-economique-entre-15-et-17-prevue-en-2022\">Cliquez ici pour lire l&rsquo;article depuis sa source.<\/a><\/p>\n","protected":false},"excerpt":{"rendered":"<p>L\u2019\u00e9conomie marocaine devrait enregistrer un taux de croissance entre 1,5% et 1,7% en 2022, au lieu d\u2019une progression de 3,2%, comme pr\u00e9vu au niveau de la loi des finances, a indiqu\u00e9, lundi, le Chef du gouvernement, Aziz Akhannouch. \u00ab\u00a0Selon les donn\u00e9es actuelles, qui prennent en consid\u00e9ration les derniers d\u00e9veloppements au niveaux national et international, le [&hellip;]<\/p>\n","protected":false},"author":1759,"featured_media":0,"comment_status":"closed","ping_status":"closed","sticky":false,"template":"","format":"standard","meta":{"fifu_image_url":"https:\/\/aujourdhui.ma\/wp-content\/uploads\/2022\/04\/Akhannouch-300x153.png","fifu_image_alt":"M. Akhannouch : une croissance \u00e9conomique entre 1,5% et 1,7% pr\u00e9vue en 2022\u00a0","footnotes":""},"categories":[73,54],"tags":[],"class_list":["post-145764","post","type-post","status-publish","format-standard","hentry","category-actualite","category-maroc"],"_links":{"self":[{"href":"https:\/\/linitiative.ca\/International\/wp-json\/wp\/v2\/posts\/145764","targetHints":{"allow":["GET"]}}],"collection":[{"href":"https:\/\/linitiative.ca\/International\/wp-json\/wp\/v2\/posts"}],"about":[{"href":"https:\/\/linitiative.ca\/International\/wp-json\/wp\/v2\/types\/post"}],"author":[{"embeddable":true,"href":"https:\/\/linitiative.ca\/International\/wp-json\/wp\/v2\/users\/1759"}],"replies":[{"embeddable":true,"href":"https:\/\/linitiative.ca\/International\/wp-json\/wp\/v2\/comments?post=145764"}],"version-history":[{"count":0,"href":"https:\/\/linitiative.ca\/International\/wp-json\/wp\/v2\/posts\/145764\/revisions"}],"wp:attachment":[{"href":"https:\/\/linitiative.ca\/International\/wp-json\/wp\/v2\/media?parent=145764"}],"wp:term":[{"taxonomy":"category","embeddable":true,"href":"https:\/\/linitiative.ca\/International\/wp-json\/wp\/v2\/categories?post=145764"},{"taxonomy":"post_tag","embeddable":true,"href":"https:\/\/linitiative.ca\/International\/wp-json\/wp\/v2\/tags?post=145764"}],"curies":[{"name":"wp","href":"https:\/\/api.w.org\/{rel}","templated":true}]}}