{"id":145774,"date":"2022-04-18T10:43:03","date_gmt":"2022-04-18T14:43:03","guid":{"rendered":"https:\/\/linitiative.ca\/International\/covid-lamelioration-de-la-situation-epidemiologique-en-chiffres\/"},"modified":"2022-04-18T10:43:03","modified_gmt":"2022-04-18T14:43:03","slug":"covid-lamelioration-de-la-situation-epidemiologique-en-chiffres","status":"publish","type":"post","link":"https:\/\/linitiative.ca\/International\/covid-lamelioration-de-la-situation-epidemiologique-en-chiffres\/","title":{"rendered":"Covid: L\u2019am\u00e9lioration de la situation \u00e9pid\u00e9miologique en chiffres"},"content":{"rendered":"<div>\n<div class=\"field field-name-body field-type-text-with-summary field-label-hidden\">\n<div class=\"field-items\">\n<div class=\"field-item even\" property=\"content:encoded\">\n<p class=\"rtejustify\">La situation \u00e9pid\u00e9miologique de Covid-19 est \u00ab stable \u00bb avec une \u00ab faible circulation virale \u00bb sur l\u2019ensemble du territoire national \u00e0 la 7e semaine de la 3e p\u00e9riode inter-vague, a affirm\u00e9 lundi le coordonnateur du Centre national des op\u00e9rations d\u2019urgence de sant\u00e9 publique, Mouad Merabet.<\/p>\n<\/div>\n<\/div>\n<\/div>\n<\/div>\n<p>Auteur: hgueye<br \/>\n<a href=\"https:\/\/www.leconomiste.com\/flash-infos\/covid-l-amelioration-de-la-situation-epidemiologique-en-chiffres\">Cliquez ici pour lire l&rsquo;article depuis sa source.<\/a><\/p>\n","protected":false},"excerpt":{"rendered":"<p>La situation \u00e9pid\u00e9miologique de Covid-19 est \u00ab stable \u00bb avec une \u00ab faible circulation virale \u00bb sur l\u2019ensemble du territoire national \u00e0 la 7e semaine de la 3e p\u00e9riode inter-vague, a affirm\u00e9 lundi le coordonnateur du Centre national des op\u00e9rations d\u2019urgence de sant\u00e9 publique, Mouad Merabet. Auteur: hgueye Cliquez ici pour lire l&rsquo;article depuis sa [&hellip;]<\/p>\n","protected":false},"author":1763,"featured_media":0,"comment_status":"closed","ping_status":"closed","sticky":false,"template":"","format":"standard","meta":{"fifu_image_url":"","fifu_image_alt":"","footnotes":""},"categories":[78,54],"tags":[],"class_list":["post-145774","post","type-post","status-publish","format-standard","hentry","category-economie","category-maroc"],"_links":{"self":[{"href":"https:\/\/linitiative.ca\/International\/wp-json\/wp\/v2\/posts\/145774","targetHints":{"allow":["GET"]}}],"collection":[{"href":"https:\/\/linitiative.ca\/International\/wp-json\/wp\/v2\/posts"}],"about":[{"href":"https:\/\/linitiative.ca\/International\/wp-json\/wp\/v2\/types\/post"}],"author":[{"embeddable":true,"href":"https:\/\/linitiative.ca\/International\/wp-json\/wp\/v2\/users\/1763"}],"replies":[{"embeddable":true,"href":"https:\/\/linitiative.ca\/International\/wp-json\/wp\/v2\/comments?post=145774"}],"version-history":[{"count":0,"href":"https:\/\/linitiative.ca\/International\/wp-json\/wp\/v2\/posts\/145774\/revisions"}],"wp:attachment":[{"href":"https:\/\/linitiative.ca\/International\/wp-json\/wp\/v2\/media?parent=145774"}],"wp:term":[{"taxonomy":"category","embeddable":true,"href":"https:\/\/linitiative.ca\/International\/wp-json\/wp\/v2\/categories?post=145774"},{"taxonomy":"post_tag","embeddable":true,"href":"https:\/\/linitiative.ca\/International\/wp-json\/wp\/v2\/tags?post=145774"}],"curies":[{"name":"wp","href":"https:\/\/api.w.org\/{rel}","templated":true}]}}