{"id":145776,"date":"2022-04-18T12:08:38","date_gmt":"2022-04-18T16:08:38","guid":{"rendered":"https:\/\/linitiative.ca\/International\/conjoncture-pouvoir-dachat-protection-sociale-ce-quen-dit-akhannouch\/"},"modified":"2022-04-18T12:08:38","modified_gmt":"2022-04-18T16:08:38","slug":"conjoncture-pouvoir-dachat-protection-sociale-ce-quen-dit-akhannouch","status":"publish","type":"post","link":"https:\/\/linitiative.ca\/International\/conjoncture-pouvoir-dachat-protection-sociale-ce-quen-dit-akhannouch\/","title":{"rendered":"Conjoncture, pouvoir d&rsquo;achat, protection sociale&#8230; Ce qu&rsquo;en dit Akhannouch"},"content":{"rendered":"<div>\n<div class=\"field field-name-body field-type-text-with-summary field-label-hidden\">\n<div class=\"field-items\">\n<div class=\"field-item even\" property=\"content:encoded\">\n<p class=\"rtejustify\">Le Chef du gouvernement, Aziz Akhannouch, a soulign\u00e9, lundi, que le gouvernement est attach\u00e9 \u00e0 tous ses engagements contenus dans son programme, en particulier sur le volet social.<\/p>\n<\/div>\n<\/div>\n<\/div>\n<\/div>\n<p>Auteur: hgueye<br \/>\n<a href=\"https:\/\/www.leconomiste.com\/flash-infos\/conjoncture-pouvoir-d-achat-protection-sociale-ce-qu-en-dit-akhannouch\">Cliquez ici pour lire l&rsquo;article depuis sa source.<\/a><\/p>\n","protected":false},"excerpt":{"rendered":"<p>Le Chef du gouvernement, Aziz Akhannouch, a soulign\u00e9, lundi, que le gouvernement est attach\u00e9 \u00e0 tous ses engagements contenus dans son programme, en particulier sur le volet social. Auteur: hgueye Cliquez ici pour lire l&rsquo;article depuis sa source.<\/p>\n","protected":false},"author":1763,"featured_media":0,"comment_status":"closed","ping_status":"closed","sticky":false,"template":"","format":"standard","meta":{"fifu_image_url":"","fifu_image_alt":"","footnotes":""},"categories":[78,54],"tags":[],"class_list":["post-145776","post","type-post","status-publish","format-standard","hentry","category-economie","category-maroc"],"_links":{"self":[{"href":"https:\/\/linitiative.ca\/International\/wp-json\/wp\/v2\/posts\/145776","targetHints":{"allow":["GET"]}}],"collection":[{"href":"https:\/\/linitiative.ca\/International\/wp-json\/wp\/v2\/posts"}],"about":[{"href":"https:\/\/linitiative.ca\/International\/wp-json\/wp\/v2\/types\/post"}],"author":[{"embeddable":true,"href":"https:\/\/linitiative.ca\/International\/wp-json\/wp\/v2\/users\/1763"}],"replies":[{"embeddable":true,"href":"https:\/\/linitiative.ca\/International\/wp-json\/wp\/v2\/comments?post=145776"}],"version-history":[{"count":0,"href":"https:\/\/linitiative.ca\/International\/wp-json\/wp\/v2\/posts\/145776\/revisions"}],"wp:attachment":[{"href":"https:\/\/linitiative.ca\/International\/wp-json\/wp\/v2\/media?parent=145776"}],"wp:term":[{"taxonomy":"category","embeddable":true,"href":"https:\/\/linitiative.ca\/International\/wp-json\/wp\/v2\/categories?post=145776"},{"taxonomy":"post_tag","embeddable":true,"href":"https:\/\/linitiative.ca\/International\/wp-json\/wp\/v2\/tags?post=145776"}],"curies":[{"name":"wp","href":"https:\/\/api.w.org\/{rel}","templated":true}]}}