{"id":145779,"date":"2022-04-18T04:05:00","date_gmt":"2022-04-18T08:05:00","guid":{"rendered":"https:\/\/linitiative.ca\/International\/algerie-cameroun-un-journaliste-egyptien-evoque-lenquete-de-la-fifa\/"},"modified":"2022-04-18T04:05:00","modified_gmt":"2022-04-18T08:05:00","slug":"algerie-cameroun-un-journaliste-egyptien-evoque-lenquete-de-la-fifa","status":"publish","type":"post","link":"https:\/\/linitiative.ca\/International\/algerie-cameroun-un-journaliste-egyptien-evoque-lenquete-de-la-fifa\/","title":{"rendered":"Alg\u00e9rie-Cameroun : Un journaliste \u00e9gyptien \u00e9voque l&rsquo;enqu\u00eate de la FIFA"},"content":{"rendered":"<div>Pr\u00e8s d\u2019un mois apr\u00e8s le match perdu face au Cameroun, les supporters alg\u00e9riens esp\u00e8rent toujours voir la s\u00e9lection nationale participer au mondial qatari<\/div>\n<p>Auteur:<br \/>\n<a href=\"https:\/\/www.lebuteur.com\/article\/detail?titre=algerie-cameroun-un-journaliste-egyptien-evoque-lenquete-de-la-fifa&#038;id=102720\">Cliquez ici pour lire l&rsquo;article depuis sa source.<\/a><\/p>\n","protected":false},"excerpt":{"rendered":"<p>Pr\u00e8s d\u2019un mois apr\u00e8s le match perdu face au Cameroun, les supporters alg\u00e9riens esp\u00e8rent toujours voir la s\u00e9lection nationale participer au mondial qatari Auteur: Cliquez ici pour lire l&rsquo;article depuis sa source.<\/p>\n","protected":false},"author":1738,"featured_media":0,"comment_status":"closed","ping_status":"closed","sticky":false,"template":"","format":"standard","meta":{"fifu_image_url":"","fifu_image_alt":"","footnotes":""},"categories":[53,75],"tags":[],"class_list":["post-145779","post","type-post","status-publish","format-standard","hentry","category-algerie","category-sport"],"_links":{"self":[{"href":"https:\/\/linitiative.ca\/International\/wp-json\/wp\/v2\/posts\/145779","targetHints":{"allow":["GET"]}}],"collection":[{"href":"https:\/\/linitiative.ca\/International\/wp-json\/wp\/v2\/posts"}],"about":[{"href":"https:\/\/linitiative.ca\/International\/wp-json\/wp\/v2\/types\/post"}],"author":[{"embeddable":true,"href":"https:\/\/linitiative.ca\/International\/wp-json\/wp\/v2\/users\/1738"}],"replies":[{"embeddable":true,"href":"https:\/\/linitiative.ca\/International\/wp-json\/wp\/v2\/comments?post=145779"}],"version-history":[{"count":0,"href":"https:\/\/linitiative.ca\/International\/wp-json\/wp\/v2\/posts\/145779\/revisions"}],"wp:attachment":[{"href":"https:\/\/linitiative.ca\/International\/wp-json\/wp\/v2\/media?parent=145779"}],"wp:term":[{"taxonomy":"category","embeddable":true,"href":"https:\/\/linitiative.ca\/International\/wp-json\/wp\/v2\/categories?post=145779"},{"taxonomy":"post_tag","embeddable":true,"href":"https:\/\/linitiative.ca\/International\/wp-json\/wp\/v2\/tags?post=145779"}],"curies":[{"name":"wp","href":"https:\/\/api.w.org\/{rel}","templated":true}]}}