{"id":145784,"date":"2022-04-18T04:43:00","date_gmt":"2022-04-18T08:43:00","guid":{"rendered":"https:\/\/linitiative.ca\/International\/la-medina-de-sousse-les-raisons-de-la-recente-decision-de-lunesco\/"},"modified":"2022-04-18T04:43:00","modified_gmt":"2022-04-18T08:43:00","slug":"la-medina-de-sousse-les-raisons-de-la-recente-decision-de-lunesco","status":"publish","type":"post","link":"https:\/\/linitiative.ca\/International\/la-medina-de-sousse-les-raisons-de-la-recente-decision-de-lunesco\/","title":{"rendered":"La m\u00e9dina de Sousse : les raisons de la r\u00e9cente d\u00e9cision de l\u2019Unesco"},"content":{"rendered":"<div><img decoding=\"async\" src=\"https:\/\/linitiative.ca\/International\/wp-content\/uploads\/sites\/23\/2022\/04\/1650268833_article.jpg\" alt=\"La m\u00e9dina de Sousse : les raisons de la r\u00e9cente d\u00e9cision de l\u2019Unesco\" align=\"left\">Par Houcine Ja\u00efdi &#8211; La m\u00e9dina de Sousse, class\u00e9e au patrimoine mondial de l\u2019Unesco, en 1988, voit, depuis de longues ann\u00e9es, son richissime tissu urbain et monumental, dont la valeur universelle est exceptionnelle, sombrer dans d\u2019innombrables probl\u00e8mes. Cette \u00e9volution bien inqui\u00e9tante a pouss\u00e9 l\u2019Unesco \u00e0 mettre en garde les autorit\u00e9s tunisiennes contre le risque d\u2019une d\u00e9gradation encore plus grande de ce legs pr\u00e9cieux, dans un rapport officiel publi\u00e9 au cours de l\u2019\u00e9t\u00e9 dernier et pass\u00e9 inaper\u00e7u.\u00a0 En ce 18 avril, date choisie, depuis 1982, par l\u2019Unesco pour c\u00e9l\u00e9brer la Journ\u00e9e Internationale des Monuments et des Sites et jour d\u2019ouverture du Mois du &#8230;<\/p>\n<\/div>\n<p>Auteur:<br \/>\n<a href=\"https:\/\/www.leaders.com.tn\/article\/33256-la-medina-de-sousse-les-raisons-de-la-recente-decision-de-l-unesco\">Cliquez ici pour lire l&rsquo;article depuis sa source.<\/a><\/p>\n","protected":false},"excerpt":{"rendered":"<p>Par Houcine Ja\u00efdi &#8211; La m\u00e9dina de Sousse, class\u00e9e au patrimoine mondial de l\u2019Unesco, en 1988, voit, depuis de longues ann\u00e9es, son richissime tissu urbain et monumental, dont la valeur universelle est exceptionnelle, sombrer dans d\u2019innombrables probl\u00e8mes. Cette \u00e9volution bien inqui\u00e9tante a pouss\u00e9 l\u2019Unesco \u00e0 mettre en garde les autorit\u00e9s tunisiennes contre le risque d\u2019une [&hellip;]<\/p>\n","protected":false},"author":1772,"featured_media":0,"comment_status":"closed","ping_status":"closed","sticky":false,"template":"","format":"standard","meta":{"fifu_image_url":"http:\/\/www.leaders.com.tn\/uploads\/content\/thumbnails_small\/1650268833_article.jpg","fifu_image_alt":"La m\u00e9dina de Sousse : les raisons de la r\u00e9cente d\u00e9cision de l\u2019Unesco","footnotes":""},"categories":[73,55],"tags":[],"class_list":["post-145784","post","type-post","status-publish","format-standard","hentry","category-actualite","category-tunisie"],"_links":{"self":[{"href":"https:\/\/linitiative.ca\/International\/wp-json\/wp\/v2\/posts\/145784","targetHints":{"allow":["GET"]}}],"collection":[{"href":"https:\/\/linitiative.ca\/International\/wp-json\/wp\/v2\/posts"}],"about":[{"href":"https:\/\/linitiative.ca\/International\/wp-json\/wp\/v2\/types\/post"}],"author":[{"embeddable":true,"href":"https:\/\/linitiative.ca\/International\/wp-json\/wp\/v2\/users\/1772"}],"replies":[{"embeddable":true,"href":"https:\/\/linitiative.ca\/International\/wp-json\/wp\/v2\/comments?post=145784"}],"version-history":[{"count":0,"href":"https:\/\/linitiative.ca\/International\/wp-json\/wp\/v2\/posts\/145784\/revisions"}],"wp:attachment":[{"href":"https:\/\/linitiative.ca\/International\/wp-json\/wp\/v2\/media?parent=145784"}],"wp:term":[{"taxonomy":"category","embeddable":true,"href":"https:\/\/linitiative.ca\/International\/wp-json\/wp\/v2\/categories?post=145784"},{"taxonomy":"post_tag","embeddable":true,"href":"https:\/\/linitiative.ca\/International\/wp-json\/wp\/v2\/tags?post=145784"}],"curies":[{"name":"wp","href":"https:\/\/api.w.org\/{rel}","templated":true}]}}